{"id":8562,"date":"2025-12-10T18:01:30","date_gmt":"2025-12-10T17:01:30","guid":{"rendered":"https:\/\/www.feuerwehrverband-saarbruecken.de\/?p=8562"},"modified":"2026-01-25T18:34:27","modified_gmt":"2026-01-25T17:34:27","slug":"das-profilfach-blaulicht","status":"publish","type":"post","link":"https:\/\/www.feuerwehrverband-saarbruecken.de\/?p=8562","title":{"rendered":"Das Profilfach  &#8222;BLAULICHT&#8220; in Schulen"},"content":{"rendered":"\n<p class=\"has-text-align-left has-black-color has-text-color has-link-color has-medium-font-size wp-elements-d3cc222bc36542004d26a376fb49e17f\">Seit diesem Schuljahr k\u00f6nnen Sch\u00fcler\/-innen das Profilfach \u201eBlaulicht\u201c an der GemS Bruchwiese w\u00e4hlen. Aktuell sind dort 2 Klassen mit insgesamt knapp 40 Sch\u00fcler\/-innen aktiv. (Klassenstufe 7 &amp; 9). Das Profilfach hat die Charakteristik eines Hauptfaches (wie Deutsch, Mathematik, Englisch) und kann als Pr\u00fcfungsfach f\u00fcr den Hauptschulabschluss und den mittleren Bildungsabschluss gew\u00e4hlt werden. Der grunds\u00e4tzliche Aufbau sieht eine theoretische sowie didaktische Aufarbeitung von Themen (bspw. anhand der Gefahrenmatrix) durch die Schule vor, welche anschlie\u00dfend in praktischen Aktionstagen durch die Hilfsorganisationen f\u00fcr die Sch\u00fcler und Sch\u00fclerinnen anschaulich und lebendig vermittelt werden. <em>Z<\/em>iel des Profilfaches ist die St\u00e4rkung des Gefahrenbewusstseins sowie die grunds\u00e4tzliche F\u00f6rderung der Resilienz von Jugendlichen im Alter von 12-17 Jahren.<\/p>\n\n\n\n<div class=\"wp-block-columns is-layout-flex wp-container-core-columns-is-layout-9d6595d7 wp-block-columns-is-layout-flex\">\n<div class=\"wp-block-column is-layout-flow wp-block-column-is-layout-flow\">\n<div data-wp-interactive=\"core\/file\" class=\"wp-block-file\"><object data-wp-bind--hidden=\"!state.hasPdfPreview\" hidden class=\"wp-block-file__embed\" data=\"https:\/\/www.feuerwehrverband-saarbruecken.de\/wp-content\/uploads\/2025\/12\/SZ-vom-11-09-2025.pdf\" type=\"application\/pdf\" style=\"width:100%;height:600px\" aria-label=\"Einbettung von SZ vom 11-09-2025.\"><\/object><a id=\"wp-block-file--media-12c54c18-9845-4b57-b86a-433a491746e7\" href=\"https:\/\/www.feuerwehrverband-saarbruecken.de\/wp-content\/uploads\/2025\/12\/SZ-vom-11-09-2025.pdf\">SZ vom 11-09-2025<\/a><a href=\"https:\/\/www.feuerwehrverband-saarbruecken.de\/wp-content\/uploads\/2025\/12\/SZ-vom-11-09-2025.pdf\" class=\"wp-block-file__button wp-element-button\" download aria-describedby=\"wp-block-file--media-12c54c18-9845-4b57-b86a-433a491746e7\">Herunterladen<\/a><\/div>\n<\/div>\n\n\n\n<div class=\"wp-block-column is-layout-flow wp-block-column-is-layout-flow\">\n<div data-wp-interactive=\"core\/file\" class=\"wp-block-file\"><object data-wp-bind--hidden=\"!state.hasPdfPreview\" hidden class=\"wp-block-file__embed\" data=\"https:\/\/www.feuerwehrverband-saarbruecken.de\/wp-content\/uploads\/2025\/12\/PF_Bla_Presseartilel_Sueddeutsche_111125.pdf\" type=\"application\/pdf\" style=\"width:100%;height:600px\" aria-label=\"Einbettung von PF_Bla_Presseartilel_S\u00fcddeutsche_111125.\"><\/object><a id=\"wp-block-file--media-0a2ecaba-c5c8-428a-b54e-cd5623abf8bc\" href=\"https:\/\/www.feuerwehrverband-saarbruecken.de\/wp-content\/uploads\/2025\/12\/PF_Bla_Presseartilel_Sueddeutsche_111125.pdf\">PF_Bla_Presseartilel_S\u00fcddeutsche_111125<\/a><a href=\"https:\/\/www.feuerwehrverband-saarbruecken.de\/wp-content\/uploads\/2025\/12\/PF_Bla_Presseartilel_Sueddeutsche_111125.pdf\" class=\"wp-block-file__button wp-element-button\" download aria-describedby=\"wp-block-file--media-0a2ecaba-c5c8-428a-b54e-cd5623abf8bc\">Herunterladen<\/a><\/div>\n<\/div>\n<\/div>\n\n\n\n<p><\/p>\n\n\n\n<div class=\"wp-block-columns is-layout-flex wp-container-core-columns-is-layout-9d6595d7 wp-block-columns-is-layout-flex\">\n<div class=\"wp-block-column is-layout-flow wp-block-column-is-layout-flow\"><\/div>\n\n\n\n<div class=\"wp-block-column is-layout-flow wp-block-column-is-layout-flow\"><\/div>\n<\/div>\n\n\n\n<p><\/p>\n\n\n\n<div class=\"wp-block-columns is-layout-flex wp-container-core-columns-is-layout-9d6595d7 wp-block-columns-is-layout-flex\">\n<div class=\"wp-block-column is-layout-flow wp-block-column-is-layout-flow\"><\/div>\n\n\n\n<div class=\"wp-block-column is-layout-flow wp-block-column-is-layout-flow\"><\/div>\n<\/div>\n","protected":false},"excerpt":{"rendered":"<p>Seit diesem Schuljahr k\u00f6nnen Sch\u00fcler\/-innen das Profilfach \u201eBlaulicht\u201c an der GemS Bruchwiese w\u00e4hlen. Aktuell sind dort 2 Klassen mit insgesamt knapp 40 Sch\u00fcler\/-innen aktiv. (Klassenstufe 7 &amp; 9). Das Profilfach hat die Charakteristik eines Hauptfaches (wie Deutsch, Mathematik, Englisch) und kann als Pr\u00fcfungsfach f\u00fcr den Hauptschulabschluss und den mittleren Bildungsabschluss gew\u00e4hlt werden. Der grunds\u00e4tzliche Aufbau [&hellip;]<\/p>\n","protected":false},"author":95,"featured_media":8574,"comment_status":"closed","ping_status":"closed","sticky":false,"template":"","format":"standard","meta":{"_bbp_topic_count":0,"_bbp_reply_count":0,"_bbp_total_topic_count":0,"_bbp_total_reply_count":0,"_bbp_voice_count":0,"_bbp_anonymous_reply_count":0,"_bbp_topic_count_hidden":0,"_bbp_reply_count_hidden":0,"_bbp_forum_subforum_count":0,"footnotes":""},"categories":[50],"tags":[],"class_list":["post-8562","post","type-post","status-publish","format-standard","has-post-thumbnail","hentry","category-archiv"],"_links":{"self":[{"href":"https:\/\/www.feuerwehrverband-saarbruecken.de\/index.php?rest_route=\/wp\/v2\/posts\/8562","targetHints":{"allow":["GET"]}}],"collection":[{"href":"https:\/\/www.feuerwehrverband-saarbruecken.de\/index.php?rest_route=\/wp\/v2\/posts"}],"about":[{"href":"https:\/\/www.feuerwehrverband-saarbruecken.de\/index.php?rest_route=\/wp\/v2\/types\/post"}],"author":[{"embeddable":true,"href":"https:\/\/www.feuerwehrverband-saarbruecken.de\/index.php?rest_route=\/wp\/v2\/users\/95"}],"replies":[{"embeddable":true,"href":"https:\/\/www.feuerwehrverband-saarbruecken.de\/index.php?rest_route=%2Fwp%2Fv2%2Fcomments&post=8562"}],"version-history":[{"count":8,"href":"https:\/\/www.feuerwehrverband-saarbruecken.de\/index.php?rest_route=\/wp\/v2\/posts\/8562\/revisions"}],"predecessor-version":[{"id":8581,"href":"https:\/\/www.feuerwehrverband-saarbruecken.de\/index.php?rest_route=\/wp\/v2\/posts\/8562\/revisions\/8581"}],"wp:featuredmedia":[{"embeddable":true,"href":"https:\/\/www.feuerwehrverband-saarbruecken.de\/index.php?rest_route=\/wp\/v2\/media\/8574"}],"wp:attachment":[{"href":"https:\/\/www.feuerwehrverband-saarbruecken.de\/index.php?rest_route=%2Fwp%2Fv2%2Fmedia&parent=8562"}],"wp:term":[{"taxonomy":"category","embeddable":true,"href":"https:\/\/www.feuerwehrverband-saarbruecken.de\/index.php?rest_route=%2Fwp%2Fv2%2Fcategories&post=8562"},{"taxonomy":"post_tag","embeddable":true,"href":"https:\/\/www.feuerwehrverband-saarbruecken.de\/index.php?rest_route=%2Fwp%2Fv2%2Ftags&post=8562"}],"curies":[{"name":"wp","href":"https:\/\/api.w.org\/{rel}","templated":true}]}}