{"id":7276,"date":"2023-10-15T07:46:02","date_gmt":"2023-10-15T05:46:02","guid":{"rendered":"https:\/\/www.feuerwehrverband-saarbruecken.de\/?p=7276"},"modified":"2024-08-08T16:37:15","modified_gmt":"2024-08-08T14:37:15","slug":"drehleiterausbildung-mit-drehleiterinfo","status":"publish","type":"post","link":"https:\/\/www.feuerwehrverband-saarbruecken.de\/?p=7276","title":{"rendered":"Drehleiterausbildung mit Drehleiterinfo 2022"},"content":{"rendered":"\n<h2 class=\"wp-block-heading has-text-align-center\" style=\"font-style:normal;font-weight:600\">Drehleiterausbildung im Regionalverband Saarbr\u00fccken<\/h2>\n\n\n\n<p class=\"has-text-align-center has-medium-font-size\">Vom 30.09 bis 02.10.2022 wurden 11 Drehleiterausbilder im Regionalverband ausgebildet. Es waren Kameraden von verschiedenen Feuerwehren im Regionalverband Saarbr\u00fccken vertreten. Die Ausbildung wurde vom Feuerwehrverband f\u00fcr den Regionalverband Saarbr\u00fccken und Drehleiter.Info organisiert und durchgef\u00fchrt.<\/p>\n\n\n\n<p class=\"has-text-align-center has-medium-font-size\">Ausgebildet wurden Wehren aus verschiedenen Gemeinden <\/p>\n\n\n\n<p class=\"has-text-align-center has-medium-font-size\">&#8222;Friedrichsthal, Quierschied, Riegelsberg und Dudweiler&#8220;<\/p>\n\n\n\n<p><\/p>\n\n\n\n<p><\/p>\n\n\n<div class=\"flexslider ewic-slider-lite is_on_\" id=\"ewic-con-668669f28ff674c90\"><style>#ewic-con-668669f28ff674c90 .flex-direction-nav .flex-next, #ewic-con-668669f28ff674c90 .flex-direction-nav .flex-prev {opacity: 1;} #ewic-con-668669f28ff674c90 .flex-direction-nav .flex-next {right: 10px !important; text-align: right !important;} #ewic-con-668669f28ff674c90 .flex-direction-nav .flex-prev {left: 10px !important;}<\/style><div id=\"preloader-668669f28ff674c90\" class=\"sliderpreloader\"><\/div><ul style=\"display:none;\" class=\"slides flexslider-668669f28ff674c90\"><li class=\"ewic-slider\"><a href=\"https:\/\/www.feuerwehrverband-saarbruecken.de\/wp-content\/uploads\/2022\/10\/Bild1-scaled.jpg\" title=\"Bild1\" rel=\"ewicprettyPhoto[668669f28ff674c90]\"><img decoding=\"async\" title=\"Bild1\" class=\"ewic-wid-imgs\" src=\"https:\/\/www.feuerwehrverband-saarbruecken.de\/wp-content\/uploads\/2022\/10\/Bild1-scaled.jpg\" \/><p class=\"flex-caption\">Bild1<\/p><\/a><\/li><li class=\"ewic-slider\"><a href=\"https:\/\/www.feuerwehrverband-saarbruecken.de\/wp-content\/uploads\/2022\/10\/Bild2-scaled.jpg\" title=\"Bild2\" rel=\"ewicprettyPhoto[668669f28ff674c90]\"><img decoding=\"async\" title=\"Bild2\" class=\"ewic-wid-imgs\" src=\"https:\/\/www.feuerwehrverband-saarbruecken.de\/wp-content\/uploads\/2022\/10\/Bild2-scaled.jpg\" \/><p class=\"flex-caption\">Bild2<\/p><\/a><\/li><li class=\"ewic-slider\"><a href=\"https:\/\/www.feuerwehrverband-saarbruecken.de\/wp-content\/uploads\/2022\/10\/Bild3-scaled.jpg\" title=\"Bild3\" rel=\"ewicprettyPhoto[668669f28ff674c90]\"><img decoding=\"async\" title=\"Bild3\" class=\"ewic-wid-imgs\" src=\"https:\/\/www.feuerwehrverband-saarbruecken.de\/wp-content\/uploads\/2022\/10\/Bild3-scaled.jpg\" \/><p class=\"flex-caption\">Bild3<\/p><\/a><\/li><li class=\"ewic-slider\"><a href=\"https:\/\/www.feuerwehrverband-saarbruecken.de\/wp-content\/uploads\/2022\/10\/Bild4-scaled.jpg\" title=\"Bild4\" rel=\"ewicprettyPhoto[668669f28ff674c90]\"><img decoding=\"async\" title=\"Bild4\" class=\"ewic-wid-imgs\" src=\"https:\/\/www.feuerwehrverband-saarbruecken.de\/wp-content\/uploads\/2022\/10\/Bild4-scaled.jpg\" \/><p class=\"flex-caption\">Bild4<\/p><\/a><\/li><li class=\"ewic-slider\"><a href=\"https:\/\/www.feuerwehrverband-saarbruecken.de\/wp-content\/uploads\/2022\/10\/Bild5-scaled.jpg\" title=\"Bild5\" rel=\"ewicprettyPhoto[668669f28ff674c90]\"><img decoding=\"async\" title=\"Bild5\" class=\"ewic-wid-imgs\" src=\"https:\/\/www.feuerwehrverband-saarbruecken.de\/wp-content\/uploads\/2022\/10\/Bild5-scaled.jpg\" \/><p class=\"flex-caption\">Bild5<\/p><\/a><\/li><li class=\"ewic-slider\"><a href=\"https:\/\/www.feuerwehrverband-saarbruecken.de\/wp-content\/uploads\/2022\/10\/Bild6-scaled.jpg\" title=\"Bild6\" rel=\"ewicprettyPhoto[668669f28ff674c90]\"><img decoding=\"async\" title=\"Bild6\" class=\"ewic-wid-imgs\" src=\"https:\/\/www.feuerwehrverband-saarbruecken.de\/wp-content\/uploads\/2022\/10\/Bild6-scaled.jpg\" \/><p class=\"flex-caption\">Bild6<\/p><\/a><\/li><li class=\"ewic-slider\"><a href=\"https:\/\/www.feuerwehrverband-saarbruecken.de\/wp-content\/uploads\/2022\/10\/Bild7-scaled.jpg\" title=\"Bild7\" rel=\"ewicprettyPhoto[668669f28ff674c90]\"><img decoding=\"async\" title=\"Bild7\" class=\"ewic-wid-imgs\" src=\"https:\/\/www.feuerwehrverband-saarbruecken.de\/wp-content\/uploads\/2022\/10\/Bild7-scaled.jpg\" \/><p class=\"flex-caption\">Bild7<\/p><\/a><\/li><li class=\"ewic-slider\"><a href=\"https:\/\/www.feuerwehrverband-saarbruecken.de\/wp-content\/uploads\/2022\/10\/Bild8-scaled.jpg\" title=\"Bild8\" rel=\"ewicprettyPhoto[668669f28ff674c90]\"><img decoding=\"async\" title=\"Bild8\" class=\"ewic-wid-imgs\" src=\"https:\/\/www.feuerwehrverband-saarbruecken.de\/wp-content\/uploads\/2022\/10\/Bild8-scaled.jpg\" \/><p class=\"flex-caption\">Bild8<\/p><\/a><\/li><li class=\"ewic-slider\"><a href=\"https:\/\/www.feuerwehrverband-saarbruecken.de\/wp-content\/uploads\/2022\/10\/Bild9-scaled.jpg\" title=\"Bild9\" rel=\"ewicprettyPhoto[668669f28ff674c90]\"><img decoding=\"async\" title=\"Bild9\" class=\"ewic-wid-imgs\" src=\"https:\/\/www.feuerwehrverband-saarbruecken.de\/wp-content\/uploads\/2022\/10\/Bild9-scaled.jpg\" \/><p class=\"flex-caption\">Bild9<\/p><\/a><\/li><li class=\"ewic-slider\"><a href=\"https:\/\/www.feuerwehrverband-saarbruecken.de\/wp-content\/uploads\/2022\/10\/Bild10-scaled.jpg\" title=\"Bild10\" rel=\"ewicprettyPhoto[668669f28ff674c90]\"><img decoding=\"async\" title=\"Bild10\" class=\"ewic-wid-imgs\" src=\"https:\/\/www.feuerwehrverband-saarbruecken.de\/wp-content\/uploads\/2022\/10\/Bild10-scaled.jpg\" \/><p class=\"flex-caption\">Bild10<\/p><\/a><\/li><li class=\"ewic-slider\"><a href=\"https:\/\/www.feuerwehrverband-saarbruecken.de\/wp-content\/uploads\/2022\/10\/Bild11-scaled.jpg\" title=\"Bild11\" rel=\"ewicprettyPhoto[668669f28ff674c90]\"><img decoding=\"async\" title=\"Bild11\" class=\"ewic-wid-imgs\" src=\"https:\/\/www.feuerwehrverband-saarbruecken.de\/wp-content\/uploads\/2022\/10\/Bild11-scaled.jpg\" \/><p class=\"flex-caption\">Bild11<\/p><\/a><\/li><li class=\"ewic-slider\"><a href=\"https:\/\/www.feuerwehrverband-saarbruecken.de\/wp-content\/uploads\/2022\/10\/Bild12-scaled.jpg\" title=\"Bild12\" rel=\"ewicprettyPhoto[668669f28ff674c90]\"><img decoding=\"async\" title=\"Bild12\" class=\"ewic-wid-imgs\" src=\"https:\/\/www.feuerwehrverband-saarbruecken.de\/wp-content\/uploads\/2022\/10\/Bild12-scaled.jpg\" \/><p class=\"flex-caption\">Bild12<\/p><\/a><\/li><li class=\"ewic-slider\"><a href=\"https:\/\/www.feuerwehrverband-saarbruecken.de\/wp-content\/uploads\/2022\/10\/Bild13-scaled.jpg\" title=\"Bild13\" rel=\"ewicprettyPhoto[668669f28ff674c90]\"><img decoding=\"async\" title=\"Bild13\" class=\"ewic-wid-imgs\" src=\"https:\/\/www.feuerwehrverband-saarbruecken.de\/wp-content\/uploads\/2022\/10\/Bild13-scaled.jpg\" \/><p class=\"flex-caption\">Bild13<\/p><\/a><\/li><li class=\"ewic-slider\"><a href=\"https:\/\/www.feuerwehrverband-saarbruecken.de\/wp-content\/uploads\/2022\/10\/Bild14-scaled.jpg\" title=\"Bild14\" rel=\"ewicprettyPhoto[668669f28ff674c90]\"><img decoding=\"async\" title=\"Bild14\" class=\"ewic-wid-imgs\" src=\"https:\/\/www.feuerwehrverband-saarbruecken.de\/wp-content\/uploads\/2022\/10\/Bild14-scaled.jpg\" \/><p class=\"flex-caption\">Bild14<\/p><\/a><\/li><li class=\"ewic-slider\"><a href=\"https:\/\/www.feuerwehrverband-saarbruecken.de\/wp-content\/uploads\/2022\/10\/Bild15-scaled.jpg\" title=\"Bild15\" rel=\"ewicprettyPhoto[668669f28ff674c90]\"><img decoding=\"async\" title=\"Bild15\" class=\"ewic-wid-imgs\" src=\"https:\/\/www.feuerwehrverband-saarbruecken.de\/wp-content\/uploads\/2022\/10\/Bild15-scaled.jpg\" \/><p class=\"flex-caption\">Bild15<\/p><\/a><\/li><li class=\"ewic-slider\"><a href=\"https:\/\/www.feuerwehrverband-saarbruecken.de\/wp-content\/uploads\/2022\/10\/Bild16-scaled.jpg\" title=\"Bild16\" rel=\"ewicprettyPhoto[668669f28ff674c90]\"><img decoding=\"async\" title=\"Bild16\" class=\"ewic-wid-imgs\" src=\"https:\/\/www.feuerwehrverband-saarbruecken.de\/wp-content\/uploads\/2022\/10\/Bild16-scaled.jpg\" \/><p class=\"flex-caption\">Bild16<\/p><\/a><\/li><li class=\"ewic-slider\"><a href=\"https:\/\/www.feuerwehrverband-saarbruecken.de\/wp-content\/uploads\/2022\/10\/Bild17-scaled.jpg\" title=\"Bild17\" rel=\"ewicprettyPhoto[668669f28ff674c90]\"><img decoding=\"async\" title=\"Bild17\" class=\"ewic-wid-imgs\" src=\"https:\/\/www.feuerwehrverband-saarbruecken.de\/wp-content\/uploads\/2022\/10\/Bild17-scaled.jpg\" \/><p class=\"flex-caption\">Bild17<\/p><\/a><\/li><li class=\"ewic-slider\"><a href=\"https:\/\/www.feuerwehrverband-saarbruecken.de\/wp-content\/uploads\/2022\/10\/Bild18-scaled.jpg\" title=\"Bild18\" rel=\"ewicprettyPhoto[668669f28ff674c90]\"><img decoding=\"async\" title=\"Bild18\" class=\"ewic-wid-imgs\" src=\"https:\/\/www.feuerwehrverband-saarbruecken.de\/wp-content\/uploads\/2022\/10\/Bild18-scaled.jpg\" \/><p class=\"flex-caption\">Bild18<\/p><\/a><\/li><li class=\"ewic-slider\"><a href=\"https:\/\/www.feuerwehrverband-saarbruecken.de\/wp-content\/uploads\/2022\/10\/Bild19-scaled.jpg\" title=\"Bild19\" rel=\"ewicprettyPhoto[668669f28ff674c90]\"><img decoding=\"async\" title=\"Bild19\" class=\"ewic-wid-imgs\" src=\"https:\/\/www.feuerwehrverband-saarbruecken.de\/wp-content\/uploads\/2022\/10\/Bild19-scaled.jpg\" \/><p class=\"flex-caption\">Bild19<\/p><\/a><\/li><li class=\"ewic-slider\"><a href=\"https:\/\/www.feuerwehrverband-saarbruecken.de\/wp-content\/uploads\/2022\/10\/Bild20-scaled.jpg\" title=\"Bild20\" rel=\"ewicprettyPhoto[668669f28ff674c90]\"><img decoding=\"async\" title=\"Bild20\" class=\"ewic-wid-imgs\" src=\"https:\/\/www.feuerwehrverband-saarbruecken.de\/wp-content\/uploads\/2022\/10\/Bild20-scaled.jpg\" \/><p class=\"flex-caption\">Bild20<\/p><\/a><\/li><li class=\"ewic-slider\"><a href=\"https:\/\/www.feuerwehrverband-saarbruecken.de\/wp-content\/uploads\/2022\/10\/Bild21.jpg\" title=\"Bild21\" rel=\"ewicprettyPhoto[668669f28ff674c90]\"><img decoding=\"async\" title=\"Bild21\" class=\"ewic-wid-imgs\" src=\"https:\/\/www.feuerwehrverband-saarbruecken.de\/wp-content\/uploads\/2022\/10\/Bild21.jpg\" \/><p class=\"flex-caption\">Bild21<\/p><\/a><\/li><li class=\"ewic-slider\"><a href=\"https:\/\/www.feuerwehrverband-saarbruecken.de\/wp-content\/uploads\/2022\/10\/Bild22.jpg\" title=\"Bild22\" rel=\"ewicprettyPhoto[668669f28ff674c90]\"><img decoding=\"async\" title=\"Bild22\" class=\"ewic-wid-imgs\" src=\"https:\/\/www.feuerwehrverband-saarbruecken.de\/wp-content\/uploads\/2022\/10\/Bild22.jpg\" \/><p class=\"flex-caption\">Bild22<\/p><\/a><\/li><li class=\"ewic-slider\"><a href=\"https:\/\/www.feuerwehrverband-saarbruecken.de\/wp-content\/uploads\/2022\/10\/Bild23.jpg\" title=\"Bild23\" rel=\"ewicprettyPhoto[668669f28ff674c90]\"><img decoding=\"async\" title=\"Bild23\" class=\"ewic-wid-imgs\" src=\"https:\/\/www.feuerwehrverband-saarbruecken.de\/wp-content\/uploads\/2022\/10\/Bild23.jpg\" \/><p class=\"flex-caption\">Bild23<\/p><\/a><\/li><li class=\"ewic-slider\"><a href=\"https:\/\/www.feuerwehrverband-saarbruecken.de\/wp-content\/uploads\/2022\/10\/Bild24.jpg\" title=\"Bild24\" rel=\"ewicprettyPhoto[668669f28ff674c90]\"><img decoding=\"async\" title=\"Bild24\" class=\"ewic-wid-imgs\" src=\"https:\/\/www.feuerwehrverband-saarbruecken.de\/wp-content\/uploads\/2022\/10\/Bild24.jpg\" \/><p class=\"flex-caption\">Bild24<\/p><\/a><\/li><li class=\"ewic-slider\"><a href=\"https:\/\/www.feuerwehrverband-saarbruecken.de\/wp-content\/uploads\/2022\/10\/Bild25.jpg\" title=\"Bild25\" rel=\"ewicprettyPhoto[668669f28ff674c90]\"><img decoding=\"async\" title=\"Bild25\" class=\"ewic-wid-imgs\" src=\"https:\/\/www.feuerwehrverband-saarbruecken.de\/wp-content\/uploads\/2022\/10\/Bild25.jpg\" \/><p class=\"flex-caption\">Bild25<\/p><\/a><\/li><li class=\"ewic-slider\"><a href=\"https:\/\/www.feuerwehrverband-saarbruecken.de\/wp-content\/uploads\/2022\/10\/Bild26.jpg\" title=\"Bild26\" rel=\"ewicprettyPhoto[668669f28ff674c90]\"><img decoding=\"async\" title=\"Bild26\" class=\"ewic-wid-imgs\" src=\"https:\/\/www.feuerwehrverband-saarbruecken.de\/wp-content\/uploads\/2022\/10\/Bild26.jpg\" \/><p class=\"flex-caption\">Bild26<\/p><\/a><\/li><li class=\"ewic-slider\"><a href=\"https:\/\/www.feuerwehrverband-saarbruecken.de\/wp-content\/uploads\/2022\/10\/Bild27.jpg\" title=\"Bild27\" rel=\"ewicprettyPhoto[668669f28ff674c90]\"><img decoding=\"async\" title=\"Bild27\" class=\"ewic-wid-imgs\" src=\"https:\/\/www.feuerwehrverband-saarbruecken.de\/wp-content\/uploads\/2022\/10\/Bild27.jpg\" \/><p class=\"flex-caption\">Bild27<\/p><\/a><\/li><li class=\"ewic-slider\"><a href=\"https:\/\/www.feuerwehrverband-saarbruecken.de\/wp-content\/uploads\/2022\/10\/Bild28.jpg\" title=\"Bild28\" rel=\"ewicprettyPhoto[668669f28ff674c90]\"><img decoding=\"async\" title=\"Bild28\" class=\"ewic-wid-imgs\" src=\"https:\/\/www.feuerwehrverband-saarbruecken.de\/wp-content\/uploads\/2022\/10\/Bild28.jpg\" \/><p class=\"flex-caption\">Bild28<\/p><\/a><\/li><li class=\"ewic-slider\"><a href=\"https:\/\/www.feuerwehrverband-saarbruecken.de\/wp-content\/uploads\/2022\/10\/Bild29.jpg\" title=\"Bild29\" rel=\"ewicprettyPhoto[668669f28ff674c90]\"><img decoding=\"async\" title=\"Bild29\" class=\"ewic-wid-imgs\" src=\"https:\/\/www.feuerwehrverband-saarbruecken.de\/wp-content\/uploads\/2022\/10\/Bild29.jpg\" \/><p class=\"flex-caption\">Bild29<\/p><\/a><\/li><li class=\"ewic-slider\"><a href=\"https:\/\/www.feuerwehrverband-saarbruecken.de\/wp-content\/uploads\/2022\/10\/Bild30.jpg\" title=\"Bild30\" rel=\"ewicprettyPhoto[668669f28ff674c90]\"><img decoding=\"async\" title=\"Bild30\" class=\"ewic-wid-imgs\" src=\"https:\/\/www.feuerwehrverband-saarbruecken.de\/wp-content\/uploads\/2022\/10\/Bild30.jpg\" \/><p class=\"flex-caption\">Bild30<\/p><\/a><\/li><li class=\"ewic-slider\"><a href=\"https:\/\/www.feuerwehrverband-saarbruecken.de\/wp-content\/uploads\/2022\/10\/Bild31.jpg\" title=\"Bild31\" rel=\"ewicprettyPhoto[668669f28ff674c90]\"><img decoding=\"async\" title=\"Bild31\" class=\"ewic-wid-imgs\" src=\"https:\/\/www.feuerwehrverband-saarbruecken.de\/wp-content\/uploads\/2022\/10\/Bild31.jpg\" \/><p class=\"flex-caption\">Bild31<\/p><\/a><\/li><li class=\"ewic-slider\"><a href=\"https:\/\/www.feuerwehrverband-saarbruecken.de\/wp-content\/uploads\/2022\/10\/Bild32.jpg\" title=\"Bild32\" rel=\"ewicprettyPhoto[668669f28ff674c90]\"><img decoding=\"async\" title=\"Bild32\" class=\"ewic-wid-imgs\" src=\"https:\/\/www.feuerwehrverband-saarbruecken.de\/wp-content\/uploads\/2022\/10\/Bild32.jpg\" \/><p class=\"flex-caption\">Bild32<\/p><\/a><\/li><li class=\"ewic-slider\"><a href=\"https:\/\/www.feuerwehrverband-saarbruecken.de\/wp-content\/uploads\/2022\/10\/Bild33.jpg\" title=\"Bild33\" rel=\"ewicprettyPhoto[668669f28ff674c90]\"><img decoding=\"async\" title=\"Bild33\" class=\"ewic-wid-imgs\" src=\"https:\/\/www.feuerwehrverband-saarbruecken.de\/wp-content\/uploads\/2022\/10\/Bild33.jpg\" \/><p class=\"flex-caption\">Bild33<\/p><\/a><\/li><li class=\"ewic-slider\"><a href=\"https:\/\/www.feuerwehrverband-saarbruecken.de\/wp-content\/uploads\/2022\/10\/Bild34.jpg\" title=\"Bild34\" rel=\"ewicprettyPhoto[668669f28ff674c90]\"><img decoding=\"async\" title=\"Bild34\" class=\"ewic-wid-imgs\" src=\"https:\/\/www.feuerwehrverband-saarbruecken.de\/wp-content\/uploads\/2022\/10\/Bild34.jpg\" \/><p class=\"flex-caption\">Bild34<\/p><\/a><\/li><li class=\"ewic-slider\"><a href=\"https:\/\/www.feuerwehrverband-saarbruecken.de\/wp-content\/uploads\/2022\/10\/Bild35.jpg\" title=\"Bild35\" rel=\"ewicprettyPhoto[668669f28ff674c90]\"><img decoding=\"async\" title=\"Bild35\" class=\"ewic-wid-imgs\" src=\"https:\/\/www.feuerwehrverband-saarbruecken.de\/wp-content\/uploads\/2022\/10\/Bild35.jpg\" \/><p class=\"flex-caption\">Bild35<\/p><\/a><\/li><li class=\"ewic-slider\"><a href=\"https:\/\/www.feuerwehrverband-saarbruecken.de\/wp-content\/uploads\/2022\/10\/Bild36.jpg\" title=\"Bild36\" rel=\"ewicprettyPhoto[668669f28ff674c90]\"><img decoding=\"async\" title=\"Bild36\" class=\"ewic-wid-imgs\" src=\"https:\/\/www.feuerwehrverband-saarbruecken.de\/wp-content\/uploads\/2022\/10\/Bild36.jpg\" \/><p class=\"flex-caption\">Bild36<\/p><\/a><\/li><\/ul><script type=\"text\/javascript\">\r\n\tjQuery(document).ready(function($) {\r\n\r\n\t\t$(\"#preloader-668669f28ff674c90\").fadeOut(500, function () {\r\n\r\n\t\t\t$(\"#ewic-con-668669f28ff674c90\").addClass(\"ready_to_show\");\r\n\r\n\t\t\t$(\"a[rel^='ewicprettyPhoto[668669f28ff674c90]']\").ewcPhoto({\r\n\t\t\t\ttheme: \"ewc_default\",\r\n\t\t\t\tallow_expand: false,\r\n\t\t\t\tdeeplinking: false,\r\n\t\t\t\tslideshow:5000,\r\n\t\t\t\tautoplay_slideshow:true,\r\n\t\t\t\tsocial_tools:false\r\n\t\t\t});\r\n\r\n\t\t\t$(\".flexslider-668669f28ff674c90\").fadeIn(300);\r\n\r\n\t\t\t$(\"#ewic-con-668669f28ff674c90\").flexslider({\r\n\t\t\t\tanimation: \"slide\",\r\n\t\t\t\tanimationSpeed: 0,\r\n\t\t\t\tuseCSS: false,\r\n\t\t\t\teasing: \"easeInQuad\",\r\n\t\t\t\tdirection: \"horizontal\",\r\n\t\t\t\tslideshow: true,\r\n\t\t\t\tsmoothHeight: true,\r\n\t\t\t\tpauseOnHover: true,\r\n\t\t\t\tcontrolNav: false,\r\n\t\t\t\tprevText: \"\",\r\n\t\t\t\tnextText: \"\",\r\n\t\t\t\trtl: false,\r\n\t\t\t\tslideshowSpeed: 5000,\r\n\t\t\t\tstart: function(slider){\r\n\t\t\t\t\t$(\"#ewic-con-668669f28ff674c90\").find(\".flex-caption\").hide();\r\n\t\t\t\t\tvar curSlide = slider.find(\"li.flex-active-slide\");\r\n\t\t\t\t\t$(curSlide).find(\".flex-caption\").slideDown();\r\n\t\t\t\t},\r\n\t\t\t\tbefore: function(slider) {\r\n\t\t\t\t\t$(\"#ewic-con-668669f28ff674c90\").find(\".flex-caption\").slideUp();\r\n\t\t\t\t},\r\n\t\t\t\tafter: function(slider) {\r\n\t\t\t\t\tvar curSlide = slider.find(\"li.flex-active-slide\");\r\n\t\t\t\t\t$(curSlide).find(\".flex-caption\").slideDown();\r\n\t\t\t\t}\r\n\r\n\t\t\t});\r\n\r\n\t\t});\r\n\r\n\t});\r\n<\/script><\/div>\r\n","protected":false},"excerpt":{"rendered":"<p>Drehleiterausbildung im Regionalverband Saarbr\u00fccken Vom 30.09 bis 02.10.2022 wurden 11 Drehleiterausbilder im Regionalverband ausgebildet. Es waren Kameraden von verschiedenen Feuerwehren im Regionalverband Saarbr\u00fccken vertreten. Die Ausbildung wurde vom Feuerwehrverband f\u00fcr den Regionalverband Saarbr\u00fccken und Drehleiter.Info organisiert und durchgef\u00fchrt. Ausgebildet wurden Wehren aus verschiedenen Gemeinden &#8222;Friedrichsthal, Quierschied, Riegelsberg und Dudweiler&#8220;<\/p>\n","protected":false},"author":95,"featured_media":0,"comment_status":"closed","ping_status":"closed","sticky":false,"template":"","format":"standard","meta":{"_bbp_topic_count":0,"_bbp_reply_count":0,"_bbp_total_topic_count":0,"_bbp_total_reply_count":0,"_bbp_voice_count":0,"_bbp_anonymous_reply_count":0,"_bbp_topic_count_hidden":0,"_bbp_reply_count_hidden":0,"_bbp_forum_subforum_count":0,"footnotes":""},"categories":[44],"tags":[],"class_list":["post-7276","post","type-post","status-publish","format-standard","hentry","category-bildergalerie"],"_links":{"self":[{"href":"https:\/\/www.feuerwehrverband-saarbruecken.de\/index.php?rest_route=\/wp\/v2\/posts\/7276","targetHints":{"allow":["GET"]}}],"collection":[{"href":"https:\/\/www.feuerwehrverband-saarbruecken.de\/index.php?rest_route=\/wp\/v2\/posts"}],"about":[{"href":"https:\/\/www.feuerwehrverband-saarbruecken.de\/index.php?rest_route=\/wp\/v2\/types\/post"}],"author":[{"embeddable":true,"href":"https:\/\/www.feuerwehrverband-saarbruecken.de\/index.php?rest_route=\/wp\/v2\/users\/95"}],"replies":[{"embeddable":true,"href":"https:\/\/www.feuerwehrverband-saarbruecken.de\/index.php?rest_route=%2Fwp%2Fv2%2Fcomments&post=7276"}],"version-history":[{"count":3,"href":"https:\/\/www.feuerwehrverband-saarbruecken.de\/index.php?rest_route=\/wp\/v2\/posts\/7276\/revisions"}],"predecessor-version":[{"id":7957,"href":"https:\/\/www.feuerwehrverband-saarbruecken.de\/index.php?rest_route=\/wp\/v2\/posts\/7276\/revisions\/7957"}],"wp:attachment":[{"href":"https:\/\/www.feuerwehrverband-saarbruecken.de\/index.php?rest_route=%2Fwp%2Fv2%2Fmedia&parent=7276"}],"wp:term":[{"taxonomy":"category","embeddable":true,"href":"https:\/\/www.feuerwehrverband-saarbruecken.de\/index.php?rest_route=%2Fwp%2Fv2%2Fcategories&post=7276"},{"taxonomy":"post_tag","embeddable":true,"href":"https:\/\/www.feuerwehrverband-saarbruecken.de\/index.php?rest_route=%2Fwp%2Fv2%2Ftags&post=7276"}],"curies":[{"name":"wp","href":"https:\/\/api.w.org\/{rel}","templated":true}]}}