{"id":7248,"date":"2023-10-08T07:38:11","date_gmt":"2023-10-08T05:38:11","guid":{"rendered":"https:\/\/www.feuerwehrverband-saarbruecken.de\/?p=7248"},"modified":"2025-12-23T07:12:50","modified_gmt":"2025-12-23T06:12:50","slug":"fuehrung-im-feuerwehrverband-fuer-den-regionalverband-saarbruecken","status":"publish","type":"post","link":"https:\/\/www.feuerwehrverband-saarbruecken.de\/?p=7248","title":{"rendered":"F\u00fchrung im Feuerwehrverband f\u00fcr den Regionalverband Saarbr\u00fccken"},"content":{"rendered":"\n<p><\/p>\n\n\n\n<h2 class=\"wp-block-heading has-text-align-center has-large-font-size\"><strong>Gesch\u00e4ftsf\u00fchrender Vorstand<\/strong><\/h2>\n\n\n<div class=\"wp-block-image\">\n<figure class=\"aligncenter size-full\"><img loading=\"lazy\" decoding=\"async\" width=\"565\" height=\"257\" src=\"https:\/\/www.feuerwehrverband-saarbruecken.de\/wp-content\/uploads\/2023\/10\/quint-23.png\" alt=\"\" class=\"wp-image-7152\" srcset=\"https:\/\/www.feuerwehrverband-saarbruecken.de\/wp-content\/uploads\/2023\/10\/quint-23.png 565w, https:\/\/www.feuerwehrverband-saarbruecken.de\/wp-content\/uploads\/2023\/10\/quint-23-250x114.png 250w\" sizes=\"auto, (max-width: 565px) 100vw, 565px\" \/><\/figure>\n<\/div>\n\n\n<p><\/p>\n\n\n\n<p><\/p>\n\n\n<div class=\"wp-block-image\">\n<figure class=\"aligncenter size-full\"><img loading=\"lazy\" decoding=\"async\" width=\"565\" height=\"217\" src=\"https:\/\/www.feuerwehrverband-saarbruecken.de\/wp-content\/uploads\/2023\/10\/winkler.png\" alt=\"\" class=\"wp-image-7154\" srcset=\"https:\/\/www.feuerwehrverband-saarbruecken.de\/wp-content\/uploads\/2023\/10\/winkler.png 565w, https:\/\/www.feuerwehrverband-saarbruecken.de\/wp-content\/uploads\/2023\/10\/winkler-250x96.png 250w\" sizes=\"auto, (max-width: 565px) 100vw, 565px\" \/><\/figure>\n<\/div>\n\n\n<p><\/p>\n\n\n<div class=\"wp-block-image\">\n<figure class=\"aligncenter size-full\"><img loading=\"lazy\" decoding=\"async\" width=\"565\" height=\"227\" src=\"https:\/\/www.feuerwehrverband-saarbruecken.de\/wp-content\/uploads\/2023\/10\/paulus23.png\" alt=\"\" class=\"wp-image-7155\" srcset=\"https:\/\/www.feuerwehrverband-saarbruecken.de\/wp-content\/uploads\/2023\/10\/paulus23.png 565w, https:\/\/www.feuerwehrverband-saarbruecken.de\/wp-content\/uploads\/2023\/10\/paulus23-250x100.png 250w\" sizes=\"auto, (max-width: 565px) 100vw, 565px\" \/><\/figure>\n<\/div>\n\n\n<p><\/p>\n\n\n\n<hr class=\"wp-block-separator has-alpha-channel-opacity\"\/>\n\n\n\n<p><\/p>\n\n\n\n<h2 class=\"wp-block-heading has-text-align-center\">Vorstand des Feuerwehrverband f\u00fcr den Regionalverband Saarb\u00fccken<\/h2>\n\n\n\n<p><\/p>\n\n\n<div class=\"wp-block-image\">\n<figure class=\"aligncenter size-full\"><img loading=\"lazy\" decoding=\"async\" width=\"563\" height=\"195\" src=\"https:\/\/www.feuerwehrverband-saarbruecken.de\/wp-content\/uploads\/2023\/10\/Bender23.png\" alt=\"\" class=\"wp-image-7162\" srcset=\"https:\/\/www.feuerwehrverband-saarbruecken.de\/wp-content\/uploads\/2023\/10\/Bender23.png 563w, https:\/\/www.feuerwehrverband-saarbruecken.de\/wp-content\/uploads\/2023\/10\/Bender23-250x87.png 250w\" sizes=\"auto, (max-width: 563px) 100vw, 563px\" \/><\/figure>\n<\/div>\n\n\n<p><\/p>\n\n\n<div class=\"wp-block-image\">\n<figure class=\"aligncenter size-full\"><img loading=\"lazy\" decoding=\"async\" width=\"558\" height=\"215\" src=\"https:\/\/www.feuerwehrverband-saarbruecken.de\/wp-content\/uploads\/2023\/10\/koenig23.png\" alt=\"\" class=\"wp-image-7163\" srcset=\"https:\/\/www.feuerwehrverband-saarbruecken.de\/wp-content\/uploads\/2023\/10\/koenig23.png 558w, https:\/\/www.feuerwehrverband-saarbruecken.de\/wp-content\/uploads\/2023\/10\/koenig23-250x96.png 250w\" sizes=\"auto, (max-width: 558px) 100vw, 558px\" \/><\/figure>\n<\/div>\n\n\n<p><\/p>\n\n\n\n<p><\/p>\n\n\n<div class=\"wp-block-image\">\n<figure class=\"aligncenter size-full\"><img loading=\"lazy\" decoding=\"async\" width=\"566\" height=\"186\" src=\"https:\/\/www.feuerwehrverband-saarbruecken.de\/wp-content\/uploads\/2023\/12\/grafik-7.png\" alt=\"\" class=\"wp-image-7443\" srcset=\"https:\/\/www.feuerwehrverband-saarbruecken.de\/wp-content\/uploads\/2023\/12\/grafik-7.png 566w, https:\/\/www.feuerwehrverband-saarbruecken.de\/wp-content\/uploads\/2023\/12\/grafik-7-250x82.png 250w\" sizes=\"auto, (max-width: 566px) 100vw, 566px\" \/><\/figure>\n<\/div>\n\n\n<p><\/p>\n\n\n<div class=\"wp-block-image\">\n<figure class=\"aligncenter size-full\"><img loading=\"lazy\" decoding=\"async\" width=\"561\" height=\"192\" src=\"https:\/\/www.feuerwehrverband-saarbruecken.de\/wp-content\/uploads\/2023\/10\/hufschmidt.png\" alt=\"\" class=\"wp-image-7207\" srcset=\"https:\/\/www.feuerwehrverband-saarbruecken.de\/wp-content\/uploads\/2023\/10\/hufschmidt.png 561w, https:\/\/www.feuerwehrverband-saarbruecken.de\/wp-content\/uploads\/2023\/10\/hufschmidt-250x86.png 250w\" sizes=\"auto, (max-width: 561px) 100vw, 561px\" \/><\/figure>\n<\/div>\n\n\n<p><\/p>\n\n\n<div class=\"wp-block-image\">\n<figure class=\"aligncenter size-full\"><img loading=\"lazy\" decoding=\"async\" width=\"562\" height=\"185\" src=\"https:\/\/www.feuerwehrverband-saarbruecken.de\/wp-content\/uploads\/2023\/10\/Koch23.png\" alt=\"\" class=\"wp-image-7210\" srcset=\"https:\/\/www.feuerwehrverband-saarbruecken.de\/wp-content\/uploads\/2023\/10\/Koch23.png 562w, https:\/\/www.feuerwehrverband-saarbruecken.de\/wp-content\/uploads\/2023\/10\/Koch23-250x82.png 250w\" sizes=\"auto, (max-width: 562px) 100vw, 562px\" \/><\/figure>\n<\/div>\n\n\n<p><\/p>\n\n\n<div class=\"wp-block-image\">\n<figure class=\"aligncenter size-full\"><img loading=\"lazy\" decoding=\"async\" width=\"565\" height=\"176\" src=\"https:\/\/www.feuerwehrverband-saarbruecken.de\/wp-content\/uploads\/2023\/10\/assmus.png\" alt=\"\" class=\"wp-image-7206\" srcset=\"https:\/\/www.feuerwehrverband-saarbruecken.de\/wp-content\/uploads\/2023\/10\/assmus.png 565w, https:\/\/www.feuerwehrverband-saarbruecken.de\/wp-content\/uploads\/2023\/10\/assmus-250x78.png 250w\" sizes=\"auto, (max-width: 565px) 100vw, 565px\" \/><\/figure>\n<\/div>\n\n\n<p><\/p>\n\n\n<div class=\"wp-block-image\">\n<figure class=\"aligncenter size-full\"><img loading=\"lazy\" decoding=\"async\" width=\"563\" height=\"181\" src=\"https:\/\/www.feuerwehrverband-saarbruecken.de\/wp-content\/uploads\/2023\/10\/kohl23.png\" alt=\"\" class=\"wp-image-7211\" srcset=\"https:\/\/www.feuerwehrverband-saarbruecken.de\/wp-content\/uploads\/2023\/10\/kohl23.png 563w, https:\/\/www.feuerwehrverband-saarbruecken.de\/wp-content\/uploads\/2023\/10\/kohl23-250x80.png 250w\" sizes=\"auto, (max-width: 563px) 100vw, 563px\" \/><\/figure>\n<\/div>\n\n\n<p><\/p>\n\n\n<div class=\"wp-block-image\">\n<figure class=\"aligncenter size-full\"><img loading=\"lazy\" decoding=\"async\" width=\"562\" height=\"177\" src=\"https:\/\/www.feuerwehrverband-saarbruecken.de\/wp-content\/uploads\/2023\/10\/langer23-1.png\" alt=\"\" class=\"wp-image-7218\" srcset=\"https:\/\/www.feuerwehrverband-saarbruecken.de\/wp-content\/uploads\/2023\/10\/langer23-1.png 562w, https:\/\/www.feuerwehrverband-saarbruecken.de\/wp-content\/uploads\/2023\/10\/langer23-1-250x79.png 250w\" sizes=\"auto, (max-width: 562px) 100vw, 562px\" \/><\/figure>\n<\/div>\n\n\n<p><\/p>\n\n\n<div class=\"wp-block-image\">\n<figure class=\"aligncenter size-full\"><img loading=\"lazy\" decoding=\"async\" width=\"562\" height=\"202\" src=\"https:\/\/www.feuerwehrverband-saarbruecken.de\/wp-content\/uploads\/2023\/10\/Kuersteiner23.png\" alt=\"\" class=\"wp-image-7213\" srcset=\"https:\/\/www.feuerwehrverband-saarbruecken.de\/wp-content\/uploads\/2023\/10\/Kuersteiner23.png 562w, https:\/\/www.feuerwehrverband-saarbruecken.de\/wp-content\/uploads\/2023\/10\/Kuersteiner23-250x90.png 250w\" sizes=\"auto, (max-width: 562px) 100vw, 562px\" \/><\/figure>\n<\/div>\n\n\n<p><\/p>\n\n\n<div class=\"wp-block-image\">\n<figure class=\"aligncenter size-full is-resized\"><img loading=\"lazy\" decoding=\"async\" width=\"736\" height=\"263\" src=\"https:\/\/www.feuerwehrverband-saarbruecken.de\/wp-content\/uploads\/2023\/12\/grafik.png\" alt=\"\" class=\"wp-image-7334\" style=\"width:566px;height:auto\" srcset=\"https:\/\/www.feuerwehrverband-saarbruecken.de\/wp-content\/uploads\/2023\/12\/grafik.png 736w, https:\/\/www.feuerwehrverband-saarbruecken.de\/wp-content\/uploads\/2023\/12\/grafik-250x89.png 250w\" sizes=\"auto, (max-width: 736px) 100vw, 736px\" \/><\/figure>\n<\/div>\n\n\n<p><\/p>\n\n\n<div class=\"wp-block-image\">\n<figure class=\"aligncenter size-full\"><img loading=\"lazy\" decoding=\"async\" width=\"563\" height=\"237\" src=\"https:\/\/www.feuerwehrverband-saarbruecken.de\/wp-content\/uploads\/2023\/10\/Almeyer-Dieter23-1.png\" alt=\"\" class=\"wp-image-7189\" srcset=\"https:\/\/www.feuerwehrverband-saarbruecken.de\/wp-content\/uploads\/2023\/10\/Almeyer-Dieter23-1.png 563w, https:\/\/www.feuerwehrverband-saarbruecken.de\/wp-content\/uploads\/2023\/10\/Almeyer-Dieter23-1-250x105.png 250w\" sizes=\"auto, (max-width: 563px) 100vw, 563px\" \/><\/figure>\n<\/div>\n\n\n<p><\/p>\n\n\n<div class=\"wp-block-image\">\n<figure class=\"aligncenter size-full\"><img loading=\"lazy\" decoding=\"async\" width=\"563\" height=\"200\" src=\"https:\/\/www.feuerwehrverband-saarbruecken.de\/wp-content\/uploads\/2023\/10\/schido23-1.png\" alt=\"\" class=\"wp-image-7193\" srcset=\"https:\/\/www.feuerwehrverband-saarbruecken.de\/wp-content\/uploads\/2023\/10\/schido23-1.png 563w, https:\/\/www.feuerwehrverband-saarbruecken.de\/wp-content\/uploads\/2023\/10\/schido23-1-250x89.png 250w\" sizes=\"auto, (max-width: 563px) 100vw, 563px\" \/><\/figure>\n<\/div>\n\n\n<p><\/p>\n\n\n<div class=\"wp-block-image\">\n<figure class=\"aligncenter size-full\"><img loading=\"lazy\" decoding=\"async\" width=\"560\" height=\"217\" src=\"https:\/\/www.feuerwehrverband-saarbruecken.de\/wp-content\/uploads\/2023\/12\/grafik-12.png\" alt=\"\" class=\"wp-image-7543\" srcset=\"https:\/\/www.feuerwehrverband-saarbruecken.de\/wp-content\/uploads\/2023\/12\/grafik-12.png 560w, https:\/\/www.feuerwehrverband-saarbruecken.de\/wp-content\/uploads\/2023\/12\/grafik-12-250x97.png 250w\" sizes=\"auto, (max-width: 560px) 100vw, 560px\" \/><\/figure>\n<\/div>\n\n\n<p><\/p>\n\n\n<div class=\"wp-block-image\">\n<figure class=\"aligncenter size-full is-resized\"><img loading=\"lazy\" decoding=\"async\" width=\"507\" height=\"182\" src=\"https:\/\/www.feuerwehrverband-saarbruecken.de\/wp-content\/uploads\/2023\/10\/grafik-8.png\" alt=\"\" class=\"wp-image-8613\" style=\"width:559px;height:auto\" srcset=\"https:\/\/www.feuerwehrverband-saarbruecken.de\/wp-content\/uploads\/2023\/10\/grafik-8.png 507w, https:\/\/www.feuerwehrverband-saarbruecken.de\/wp-content\/uploads\/2023\/10\/grafik-8-250x90.png 250w\" sizes=\"auto, (max-width: 507px) 100vw, 507px\" \/><\/figure>\n<\/div>\n\n\n<p><\/p>\n\n\n<div class=\"wp-block-image\">\n<figure class=\"aligncenter size-full\"><img loading=\"lazy\" decoding=\"async\" width=\"563\" height=\"222\" src=\"https:\/\/www.feuerwehrverband-saarbruecken.de\/wp-content\/uploads\/2023\/10\/MichaelBecker.png\" alt=\"\" class=\"wp-image-7224\" srcset=\"https:\/\/www.feuerwehrverband-saarbruecken.de\/wp-content\/uploads\/2023\/10\/MichaelBecker.png 563w, https:\/\/www.feuerwehrverband-saarbruecken.de\/wp-content\/uploads\/2023\/10\/MichaelBecker-250x99.png 250w\" sizes=\"auto, (max-width: 563px) 100vw, 563px\" \/><\/figure>\n<\/div>\n\n\n<p><\/p>\n\n\n<div class=\"wp-block-image\">\n<figure class=\"aligncenter size-full\"><img loading=\"lazy\" decoding=\"async\" width=\"562\" height=\"197\" src=\"https:\/\/www.feuerwehrverband-saarbruecken.de\/wp-content\/uploads\/2023\/10\/prinz23-1.png\" alt=\"\" class=\"wp-image-7198\" srcset=\"https:\/\/www.feuerwehrverband-saarbruecken.de\/wp-content\/uploads\/2023\/10\/prinz23-1.png 562w, https:\/\/www.feuerwehrverband-saarbruecken.de\/wp-content\/uploads\/2023\/10\/prinz23-1-250x88.png 250w\" sizes=\"auto, (max-width: 562px) 100vw, 562px\" \/><\/figure>\n<\/div>\n\n\n<p><\/p>\n\n\n<div class=\"wp-block-image\">\n<figure class=\"aligncenter size-full\"><img loading=\"lazy\" decoding=\"async\" width=\"562\" height=\"193\" src=\"https:\/\/www.feuerwehrverband-saarbruecken.de\/wp-content\/uploads\/2023\/10\/peter23.png\" alt=\"\" class=\"wp-image-7178\" srcset=\"https:\/\/www.feuerwehrverband-saarbruecken.de\/wp-content\/uploads\/2023\/10\/peter23.png 562w, https:\/\/www.feuerwehrverband-saarbruecken.de\/wp-content\/uploads\/2023\/10\/peter23-250x86.png 250w\" sizes=\"auto, (max-width: 562px) 100vw, 562px\" \/><\/figure>\n<\/div>\n\n\n<p><\/p>\n\n\n\n<p><\/p>\n\n\n<div class=\"wp-block-image\">\n<figure class=\"aligncenter size-full\"><img loading=\"lazy\" decoding=\"async\" width=\"565\" height=\"192\" src=\"https:\/\/www.feuerwehrverband-saarbruecken.de\/wp-content\/uploads\/2023\/10\/weichel.png\" alt=\"\" class=\"wp-image-7169\" srcset=\"https:\/\/www.feuerwehrverband-saarbruecken.de\/wp-content\/uploads\/2023\/10\/weichel.png 565w, https:\/\/www.feuerwehrverband-saarbruecken.de\/wp-content\/uploads\/2023\/10\/weichel-250x85.png 250w\" sizes=\"auto, (max-width: 565px) 100vw, 565px\" \/><\/figure>\n<\/div>\n\n\n<p><\/p>\n\n\n<div class=\"wp-block-image\">\n<figure class=\"aligncenter size-full\"><img loading=\"lazy\" decoding=\"async\" width=\"566\" height=\"188\" src=\"https:\/\/www.feuerwehrverband-saarbruecken.de\/wp-content\/uploads\/2023\/10\/Loeffler23.png\" alt=\"\" class=\"wp-image-7183\" srcset=\"https:\/\/www.feuerwehrverband-saarbruecken.de\/wp-content\/uploads\/2023\/10\/Loeffler23.png 566w, https:\/\/www.feuerwehrverband-saarbruecken.de\/wp-content\/uploads\/2023\/10\/Loeffler23-250x83.png 250w\" sizes=\"auto, (max-width: 566px) 100vw, 566px\" \/><\/figure>\n<\/div>\n\n\n<p><\/p>\n\n\n<div class=\"wp-block-image\">\n<figure class=\"aligncenter size-full\"><img loading=\"lazy\" decoding=\"async\" width=\"558\" height=\"198\" src=\"https:\/\/www.feuerwehrverband-saarbruecken.de\/wp-content\/uploads\/2023\/10\/brand.png\" alt=\"\" class=\"wp-image-7181\" srcset=\"https:\/\/www.feuerwehrverband-saarbruecken.de\/wp-content\/uploads\/2023\/10\/brand.png 558w, https:\/\/www.feuerwehrverband-saarbruecken.de\/wp-content\/uploads\/2023\/10\/brand-250x89.png 250w\" sizes=\"auto, (max-width: 558px) 100vw, 558px\" \/><\/figure>\n<\/div>\n\n\n<p><\/p>\n\n\n<div class=\"wp-block-image\">\n<figure class=\"aligncenter size-full is-resized\"><img loading=\"lazy\" decoding=\"async\" width=\"502\" height=\"188\" src=\"https:\/\/www.feuerwehrverband-saarbruecken.de\/wp-content\/uploads\/2023\/10\/grafik-10.png\" alt=\"\" class=\"wp-image-8618\" style=\"width:558px;height:auto\" srcset=\"https:\/\/www.feuerwehrverband-saarbruecken.de\/wp-content\/uploads\/2023\/10\/grafik-10.png 502w, https:\/\/www.feuerwehrverband-saarbruecken.de\/wp-content\/uploads\/2023\/10\/grafik-10-250x94.png 250w\" sizes=\"auto, (max-width: 502px) 100vw, 502px\" \/><\/figure>\n<\/div>\n\n\n<p><\/p>\n\n\n<div class=\"wp-block-image\">\n<figure class=\"aligncenter size-full\"><img loading=\"lazy\" decoding=\"async\" width=\"566\" height=\"195\" src=\"https:\/\/www.feuerwehrverband-saarbruecken.de\/wp-content\/uploads\/2023\/10\/Ludwig23.png\" alt=\"\" class=\"wp-image-7171\" srcset=\"https:\/\/www.feuerwehrverband-saarbruecken.de\/wp-content\/uploads\/2023\/10\/Ludwig23.png 566w, https:\/\/www.feuerwehrverband-saarbruecken.de\/wp-content\/uploads\/2023\/10\/Ludwig23-250x86.png 250w\" sizes=\"auto, (max-width: 566px) 100vw, 566px\" \/><\/figure>\n<\/div>\n\n\n<p><\/p>\n\n\n<div class=\"wp-block-image\">\n<figure class=\"aligncenter size-full\"><img loading=\"lazy\" decoding=\"async\" width=\"566\" height=\"200\" src=\"https:\/\/www.feuerwehrverband-saarbruecken.de\/wp-content\/uploads\/2023\/10\/six-sulzbach23-1.png\" alt=\"\" class=\"wp-image-7187\" srcset=\"https:\/\/www.feuerwehrverband-saarbruecken.de\/wp-content\/uploads\/2023\/10\/six-sulzbach23-1.png 566w, https:\/\/www.feuerwehrverband-saarbruecken.de\/wp-content\/uploads\/2023\/10\/six-sulzbach23-1-250x88.png 250w\" sizes=\"auto, (max-width: 566px) 100vw, 566px\" \/><\/figure>\n<\/div>\n\n\n<p><\/p>\n\n\n<div class=\"wp-block-image\">\n<figure class=\"aligncenter size-full\"><img loading=\"lazy\" decoding=\"async\" width=\"565\" height=\"216\" src=\"https:\/\/www.feuerwehrverband-saarbruecken.de\/wp-content\/uploads\/2023\/12\/grafik-8.png\" alt=\"\" class=\"wp-image-7445\" srcset=\"https:\/\/www.feuerwehrverband-saarbruecken.de\/wp-content\/uploads\/2023\/12\/grafik-8.png 565w, https:\/\/www.feuerwehrverband-saarbruecken.de\/wp-content\/uploads\/2023\/12\/grafik-8-250x96.png 250w\" sizes=\"auto, (max-width: 565px) 100vw, 565px\" \/><\/figure>\n<\/div>\n\n\n<hr class=\"wp-block-separator has-alpha-channel-opacity\"\/>\n\n\n\n<h2 class=\"wp-block-heading has-text-align-center has-large-font-size\">Ehrenabteilung<\/h2>\n\n\n\n<p><\/p>\n\n\n<div class=\"wp-block-image\">\n<figure class=\"aligncenter size-full\"><img loading=\"lazy\" decoding=\"async\" width=\"562\" height=\"191\" src=\"https:\/\/www.feuerwehrverband-saarbruecken.de\/wp-content\/uploads\/2023\/10\/Klaus-Baumann.png\" alt=\"\" class=\"wp-image-7256\" srcset=\"https:\/\/www.feuerwehrverband-saarbruecken.de\/wp-content\/uploads\/2023\/10\/Klaus-Baumann.png 562w, https:\/\/www.feuerwehrverband-saarbruecken.de\/wp-content\/uploads\/2023\/10\/Klaus-Baumann-250x85.png 250w\" sizes=\"auto, (max-width: 562px) 100vw, 562px\" \/><\/figure>\n<\/div>\n\n\n<hr class=\"wp-block-separator has-alpha-channel-opacity\"\/>\n\n\n\n<h2 class=\"wp-block-heading has-text-align-center has-large-font-size\">Ehrenmitglieder<\/h2>\n\n\n\n<p><\/p>\n\n\n<div class=\"wp-block-image\">\n<figure class=\"aligncenter size-full\"><img loading=\"lazy\" decoding=\"async\" width=\"565\" height=\"156\" src=\"https:\/\/www.feuerwehrverband-saarbruecken.de\/wp-content\/uploads\/2023\/10\/schwarz.png\" alt=\"\" class=\"wp-image-7216\" srcset=\"https:\/\/www.feuerwehrverband-saarbruecken.de\/wp-content\/uploads\/2023\/10\/schwarz.png 565w, https:\/\/www.feuerwehrverband-saarbruecken.de\/wp-content\/uploads\/2023\/10\/schwarz-250x69.png 250w\" sizes=\"auto, (max-width: 565px) 100vw, 565px\" \/><\/figure>\n<\/div>\n\n\n<p><\/p>\n\n\n<div class=\"wp-block-image\">\n<figure class=\"aligncenter size-full\"><img loading=\"lazy\" decoding=\"async\" width=\"563\" height=\"198\" src=\"https:\/\/www.feuerwehrverband-saarbruecken.de\/wp-content\/uploads\/2023\/10\/winfried-lang.png\" alt=\"\" class=\"wp-image-7233\" srcset=\"https:\/\/www.feuerwehrverband-saarbruecken.de\/wp-content\/uploads\/2023\/10\/winfried-lang.png 563w, https:\/\/www.feuerwehrverband-saarbruecken.de\/wp-content\/uploads\/2023\/10\/winfried-lang-250x88.png 250w\" sizes=\"auto, (max-width: 563px) 100vw, 563px\" \/><\/figure>\n<\/div>\n\n\n<p><\/p>\n\n\n<div class=\"wp-block-image\">\n<figure class=\"aligncenter size-full\"><img loading=\"lazy\" decoding=\"async\" width=\"567\" height=\"207\" src=\"https:\/\/www.feuerwehrverband-saarbruecken.de\/wp-content\/uploads\/2023\/10\/Franz-Karl.png\" alt=\"\" class=\"wp-image-7232\" srcset=\"https:\/\/www.feuerwehrverband-saarbruecken.de\/wp-content\/uploads\/2023\/10\/Franz-Karl.png 567w, https:\/\/www.feuerwehrverband-saarbruecken.de\/wp-content\/uploads\/2023\/10\/Franz-Karl-250x91.png 250w\" sizes=\"auto, (max-width: 567px) 100vw, 567px\" \/><\/figure>\n<\/div>","protected":false},"excerpt":{"rendered":"<p>Gesch\u00e4ftsf\u00fchrender Vorstand Vorstand des Feuerwehrverband f\u00fcr den Regionalverband Saarb\u00fccken Ehrenabteilung Ehrenmitglieder<\/p>\n","protected":false},"author":95,"featured_media":0,"comment_status":"closed","ping_status":"closed","sticky":false,"template":"","format":"standard","meta":{"_bbp_topic_count":0,"_bbp_reply_count":0,"_bbp_total_topic_count":0,"_bbp_total_reply_count":0,"_bbp_voice_count":0,"_bbp_anonymous_reply_count":0,"_bbp_topic_count_hidden":0,"_bbp_reply_count_hidden":0,"_bbp_forum_subforum_count":0,"footnotes":""},"categories":[30],"tags":[],"class_list":["post-7248","post","type-post","status-publish","format-standard","hentry","category-mitglieder-verband"],"_links":{"self":[{"href":"https:\/\/www.feuerwehrverband-saarbruecken.de\/index.php?rest_route=\/wp\/v2\/posts\/7248","targetHints":{"allow":["GET"]}}],"collection":[{"href":"https:\/\/www.feuerwehrverband-saarbruecken.de\/index.php?rest_route=\/wp\/v2\/posts"}],"about":[{"href":"https:\/\/www.feuerwehrverband-saarbruecken.de\/index.php?rest_route=\/wp\/v2\/types\/post"}],"author":[{"embeddable":true,"href":"https:\/\/www.feuerwehrverband-saarbruecken.de\/index.php?rest_route=\/wp\/v2\/users\/95"}],"replies":[{"embeddable":true,"href":"https:\/\/www.feuerwehrverband-saarbruecken.de\/index.php?rest_route=%2Fwp%2Fv2%2Fcomments&post=7248"}],"version-history":[{"count":16,"href":"https:\/\/www.feuerwehrverband-saarbruecken.de\/index.php?rest_route=\/wp\/v2\/posts\/7248\/revisions"}],"predecessor-version":[{"id":8619,"href":"https:\/\/www.feuerwehrverband-saarbruecken.de\/index.php?rest_route=\/wp\/v2\/posts\/7248\/revisions\/8619"}],"wp:attachment":[{"href":"https:\/\/www.feuerwehrverband-saarbruecken.de\/index.php?rest_route=%2Fwp%2Fv2%2Fmedia&parent=7248"}],"wp:term":[{"taxonomy":"category","embeddable":true,"href":"https:\/\/www.feuerwehrverband-saarbruecken.de\/index.php?rest_route=%2Fwp%2Fv2%2Fcategories&post=7248"},{"taxonomy":"post_tag","embeddable":true,"href":"https:\/\/www.feuerwehrverband-saarbruecken.de\/index.php?rest_route=%2Fwp%2Fv2%2Ftags&post=7248"}],"curies":[{"name":"wp","href":"https:\/\/api.w.org\/{rel}","templated":true}]}}