{"id":6800,"date":"2022-12-07T07:11:34","date_gmt":"2022-12-07T06:11:34","guid":{"rendered":"https:\/\/www.feuerwehrverband-saarbruecken.de\/?p=6800"},"modified":"2024-07-26T10:27:50","modified_gmt":"2024-07-26T08:27:50","slug":"wettkampfgruppe-der-freiwilligen-feuerwehr-voelklingen-zieht-positive-bilanz","status":"publish","type":"post","link":"https:\/\/www.feuerwehrverband-saarbruecken.de\/?p=6800","title":{"rendered":"Wettkampfgruppe der Freiwilligen Feuerwehr V\u00f6lklingen zieht positive Bilanz"},"content":{"rendered":"<div class=\"wp-block-image\">\n<figure class=\"aligncenter size-full\"><img loading=\"lazy\" decoding=\"async\" width=\"841\" height=\"378\" src=\"https:\/\/www.feuerwehrverband-saarbruecken.de\/wp-content\/uploads\/2022\/12\/grafik-2.png\" alt=\"\" class=\"wp-image-6801\" srcset=\"https:\/\/www.feuerwehrverband-saarbruecken.de\/wp-content\/uploads\/2022\/12\/grafik-2.png 841w, https:\/\/www.feuerwehrverband-saarbruecken.de\/wp-content\/uploads\/2022\/12\/grafik-2-250x112.png 250w, https:\/\/www.feuerwehrverband-saarbruecken.de\/wp-content\/uploads\/2022\/12\/grafik-2-768x345.png 768w\" sizes=\"auto, (max-width: 841px) 100vw, 841px\" \/><\/figure>\n<\/div>\n\n\n<p>2023 feiert die V\u00f6lklinger Wettkampfgruppe ihr 25-j\u00e4hriges Jubil\u00e4um. Damit ist die Gruppe selbst mittlerweile \u00e4lter als ein Gro\u00dfteil ihrer jungen Mitglieder. Grund genug, bei der diesj\u00e4hrigen Abschlussfeier ein Fazit der letzten Jahre zu ziehen.<\/p>\n\n\n\n<p>So konnte der Leiter der Wettkampfgruppe Rainer Eichenwald mit beeindruckenden Zahlen aufwarten. Seit der Gr\u00fcndung im Jahr 1998 konnten bislang \u00fcber 100 Leistungsabzeichen errungen werden, davon 63 mal Bronze, 27 mal Silber und 12 mal Gold. In der Wertungsklasse B (\u201edie Alten\u201c) konnten die V\u00f6lklinger in dieser Zeit sieben mal Saarlandmeister werden, in der Wertungsklasse A (\u201edie Jungen\u201c) zwei mal.<\/p>\n\n\n\n<p>Dabei waren die Mitglieder der Wettkampfgruppe sowohl deutschland-, als auch europaweit unterwegs. Neben Wettk\u00e4mpfen in allen Teilen Deutschlands waren sie auch in Frankreich, \u00d6sterreich, Luxemburg und S\u00fcdtirol erfolgreich. H\u00f6hepunkte sind bislang mehrere Teilnahmen bei den deutschen Feuerwehrmeisterschaften (zuletzt 2022 in M\u00fchlhausen\/Th\u00fcringen), sowie die Teilnahme am \u00f6sterreichischen Bundeswettbewerb 2016 in Kapfenberg.<\/p>\n\n\n\n<p>Diese Serie wollen die Wettk\u00e4mpfer auch in der 25. Wettkampfsaison fortsetzen. Dabei ist der Zusammenhalt innerhalb der Gruppe in dieser Zeit immer mehr gewachsen und dies auch \u00fcber die Grenzen der einzelnen Gemeinden und Landkreise hinweg. So z\u00e4hlt die Wettkampfgruppe V\u00f6lklingen aktuell 25 Mitglieder aus mehreren Feuerwehren des Saarlandes, neben der FF V\u00f6lklingen (LB Ludweiler) auch aus der FF Saarbr\u00fccken (LBs Bischmisheim, Gersweiler und St. Johann) und der FF Wadgassen (LB Differten). Daher geht es auch 2023 gem\u00e4\u00df dem selbstgew\u00e4hlten Motto der Wettkampfgruppe <strong><em> <\/em><\/strong><\/p>\n\n\n<div class=\"wp-block-image\">\n<figure class=\"aligncenter size-full\"><img loading=\"lazy\" decoding=\"async\" width=\"618\" height=\"200\" src=\"https:\/\/www.feuerwehrverband-saarbruecken.de\/wp-content\/uploads\/2022\/12\/grafik-3.png\" alt=\"\" class=\"wp-image-6802\" srcset=\"https:\/\/www.feuerwehrverband-saarbruecken.de\/wp-content\/uploads\/2022\/12\/grafik-3.png 618w, https:\/\/www.feuerwehrverband-saarbruecken.de\/wp-content\/uploads\/2022\/12\/grafik-3-250x81.png 250w\" sizes=\"auto, (max-width: 618px) 100vw, 618px\" \/><\/figure>\n<\/div>\n\n\n<p><\/p>\n\n\n\n<p><\/p>\n\n\n\n<p><\/p>\n\n\n\n<p>erfolgreich weiter.<\/p>\n\n\n<div class=\"wp-block-image\">\n<figure class=\"aligncenter size-full\"><img loading=\"lazy\" decoding=\"async\" width=\"825\" height=\"593\" src=\"https:\/\/www.feuerwehrverband-saarbruecken.de\/wp-content\/uploads\/2022\/12\/grafik-5.png\" alt=\"\" class=\"wp-image-6804\" srcset=\"https:\/\/www.feuerwehrverband-saarbruecken.de\/wp-content\/uploads\/2022\/12\/grafik-5.png 825w, https:\/\/www.feuerwehrverband-saarbruecken.de\/wp-content\/uploads\/2022\/12\/grafik-5-250x180.png 250w, https:\/\/www.feuerwehrverband-saarbruecken.de\/wp-content\/uploads\/2022\/12\/grafik-5-768x552.png 768w\" sizes=\"auto, (max-width: 825px) 100vw, 825px\" \/><\/figure>\n<\/div>\n\n\n<p><\/p>\n\n\n\n<p><\/p>\n","protected":false},"excerpt":{"rendered":"<p>2023 feiert die V\u00f6lklinger Wettkampfgruppe ihr 25-j\u00e4hriges Jubil\u00e4um. Damit ist die Gruppe selbst mittlerweile \u00e4lter als ein Gro\u00dfteil ihrer jungen Mitglieder. Grund genug, bei der diesj\u00e4hrigen Abschlussfeier ein Fazit der letzten Jahre zu ziehen. So konnte der Leiter der Wettkampfgruppe Rainer Eichenwald mit beeindruckenden Zahlen aufwarten. Seit der Gr\u00fcndung im Jahr 1998 konnten bislang \u00fcber [&hellip;]<\/p>\n","protected":false},"author":95,"featured_media":2708,"comment_status":"closed","ping_status":"closed","sticky":false,"template":"","format":"standard","meta":{"_bbp_topic_count":0,"_bbp_reply_count":0,"_bbp_total_topic_count":0,"_bbp_total_reply_count":0,"_bbp_voice_count":0,"_bbp_anonymous_reply_count":0,"_bbp_topic_count_hidden":0,"_bbp_reply_count_hidden":0,"_bbp_forum_subforum_count":0,"footnotes":""},"categories":[50],"tags":[],"class_list":["post-6800","post","type-post","status-publish","format-standard","has-post-thumbnail","hentry","category-archiv"],"_links":{"self":[{"href":"https:\/\/www.feuerwehrverband-saarbruecken.de\/index.php?rest_route=\/wp\/v2\/posts\/6800","targetHints":{"allow":["GET"]}}],"collection":[{"href":"https:\/\/www.feuerwehrverband-saarbruecken.de\/index.php?rest_route=\/wp\/v2\/posts"}],"about":[{"href":"https:\/\/www.feuerwehrverband-saarbruecken.de\/index.php?rest_route=\/wp\/v2\/types\/post"}],"author":[{"embeddable":true,"href":"https:\/\/www.feuerwehrverband-saarbruecken.de\/index.php?rest_route=\/wp\/v2\/users\/95"}],"replies":[{"embeddable":true,"href":"https:\/\/www.feuerwehrverband-saarbruecken.de\/index.php?rest_route=%2Fwp%2Fv2%2Fcomments&post=6800"}],"version-history":[{"count":3,"href":"https:\/\/www.feuerwehrverband-saarbruecken.de\/index.php?rest_route=\/wp\/v2\/posts\/6800\/revisions"}],"predecessor-version":[{"id":6811,"href":"https:\/\/www.feuerwehrverband-saarbruecken.de\/index.php?rest_route=\/wp\/v2\/posts\/6800\/revisions\/6811"}],"wp:featuredmedia":[{"embeddable":true,"href":"https:\/\/www.feuerwehrverband-saarbruecken.de\/index.php?rest_route=\/wp\/v2\/media\/2708"}],"wp:attachment":[{"href":"https:\/\/www.feuerwehrverband-saarbruecken.de\/index.php?rest_route=%2Fwp%2Fv2%2Fmedia&parent=6800"}],"wp:term":[{"taxonomy":"category","embeddable":true,"href":"https:\/\/www.feuerwehrverband-saarbruecken.de\/index.php?rest_route=%2Fwp%2Fv2%2Fcategories&post=6800"},{"taxonomy":"post_tag","embeddable":true,"href":"https:\/\/www.feuerwehrverband-saarbruecken.de\/index.php?rest_route=%2Fwp%2Fv2%2Ftags&post=6800"}],"curies":[{"name":"wp","href":"https:\/\/api.w.org\/{rel}","templated":true}]}}