{"id":6132,"date":"2022-01-26T17:26:15","date_gmt":"2022-01-26T16:26:15","guid":{"rendered":"https:\/\/www.feuerwehrverband-saarbruecken.de\/?p=6132"},"modified":"2022-04-18T18:17:59","modified_gmt":"2022-04-18T16:17:59","slug":"wir-helfen-hilfst-du-auch","status":"publish","type":"post","link":"https:\/\/www.feuerwehrverband-saarbruecken.de\/?p=6132","title":{"rendered":"Wir helfen, hilfst Du auch?"},"content":{"rendered":"\n<div class=\"wp-block-image\"><figure class=\"aligncenter size-full is-resized\"><a href=\"https:\/\/www.dropbox.com\/s\/yxpri8282yyrnnx\/Mit%20Blaulicht%20zum%20Impfen.mp4?dl=0\" target=\"_blank\" rel=\"noopener\"><img loading=\"lazy\" decoding=\"async\" src=\"https:\/\/www.feuerwehrverband-saarbruecken.de\/wp-content\/uploads\/2022\/01\/image-2.png\" alt=\"\" class=\"wp-image-6133\" width=\"1137\" height=\"1316\" srcset=\"https:\/\/www.feuerwehrverband-saarbruecken.de\/wp-content\/uploads\/2022\/01\/image-2.png 788w, https:\/\/www.feuerwehrverband-saarbruecken.de\/wp-content\/uploads\/2022\/01\/image-2-216x250.png 216w, https:\/\/www.feuerwehrverband-saarbruecken.de\/wp-content\/uploads\/2022\/01\/image-2-768x889.png 768w\" sizes=\"auto, (max-width: 1137px) 100vw, 1137px\" \/><\/a><\/figure><\/div>\n\n\n\n<p><strong>Information f\u00fcr die Presse<\/strong><\/p>\n\n\n\n<p><strong>&nbsp; \u201eImpfen mit Blaulicht\u201c<\/strong><\/p>\n\n\n\n<p><strong>Blaulicht-Organisationen im Saarland rufen zum Impfen auf.<\/strong><\/p>\n\n\n\n<p>Im Kampf gegen die Corona-Pandemie ist das Impfen ein wichtiger Baustein.<\/p>\n\n\n\n<p>Nur wenn m\u00f6glichst viele Menschen einen ausreichenden Schutz gegen Covid19 haben, kann das Virus besiegt werden. Aus diesem Grund macht sich der Landesfeuerwehrverband mit saarl\u00e4ndischen Blaulicht-Organisationen stark f\u00fcrs Impfen und hat eine Kampagne gestartet.<\/p>\n\n\n\n<p>\u201eDas Corona-Virus entwickelt sich st\u00e4ndig weiter und die Pandemie wird wohl auch mit der Omikron-Variante noch nicht enden\u201c.<\/p>\n\n\n\n<p>\u201eVor diesem Hintergrund ist es von gro\u00dfer Bedeutung, dass wir beim Impfen keine Zeit verlieren, um so dem Virus endlich einen Schritt voraus sein zu k\u00f6nnen\u201c, sagt Innenminister Klaus Bouillon. \u201eDer m\u00f6glichst vollst\u00e4ndige Schutz unserer Mitb\u00fcrgerinnen und Mitb\u00fcrger ist eine notwendige Voraussetzung, um zu unserem normalen Leben zur\u00fcckkehren zu k\u00f6nnen.\u201c<\/p>\n\n\n\n<p>Zu dem Teilnehmerkreis im Saarland geh\u00f6ren:<\/p>\n\n\n\n<p>&#8211;&nbsp;&nbsp;&nbsp;&nbsp;&nbsp;&nbsp;&nbsp;&nbsp;&nbsp;&nbsp; Das Innenministerium<\/p>\n\n\n\n<p>&#8211;&nbsp;&nbsp;&nbsp;&nbsp;&nbsp;&nbsp;&nbsp;&nbsp;&nbsp;&nbsp; Der Landesfeuerwehrverband, LFV<\/p>\n\n\n\n<p>&#8211;&nbsp;&nbsp;&nbsp;&nbsp;&nbsp;&nbsp;&nbsp;&nbsp;&nbsp;&nbsp; Die Feuerwehr, vertreten durch den Landesbrandinspekteur<\/p>\n\n\n\n<p>&#8211;&nbsp;&nbsp;&nbsp;&nbsp;&nbsp;&nbsp;&nbsp;&nbsp;&nbsp;&nbsp; Die Polizei, vertreten durch den Polizeipr\u00e4sidenten<\/p>\n\n\n\n<p>&#8211;&nbsp;&nbsp;&nbsp;&nbsp;&nbsp;&nbsp;&nbsp;&nbsp;&nbsp;&nbsp; Die Unfallkasse Saarland, UKS<\/p>\n\n\n\n<p>&#8211;&nbsp;&nbsp;&nbsp;&nbsp;&nbsp;&nbsp;&nbsp;&nbsp;&nbsp;&nbsp; Das Deutsche Rote Kreuz, DRK<\/p>\n\n\n\n<p>&#8211;&nbsp;&nbsp;&nbsp;&nbsp;&nbsp;&nbsp;&nbsp;&nbsp;&nbsp;&nbsp; Der Arbeiter Samariter Bund, ASB<\/p>\n\n\n\n<p>&#8211;&nbsp;&nbsp;&nbsp;&nbsp;&nbsp;&nbsp;&nbsp;&nbsp;&nbsp;&nbsp; Die Malteser<\/p>\n\n\n\n<p>&#8211;&nbsp;&nbsp;&nbsp;&nbsp;&nbsp;&nbsp;&nbsp;&nbsp;&nbsp;&nbsp; Die Johanniter-Unfall-Hilfe<\/p>\n\n\n\n<p>&#8211;&nbsp;&nbsp;&nbsp;&nbsp;&nbsp;&nbsp;&nbsp;&nbsp;&nbsp;&nbsp; Das Technische Hilfswerk, THW<\/p>\n\n\n\n<p>&#8211;&nbsp;&nbsp;&nbsp;&nbsp;&nbsp;&nbsp;&nbsp;&nbsp;&nbsp;&nbsp; Die Bundeswehr-Reservisten<\/p>\n\n\n\n<p><strong>Minister Klaus Bouillon <\/strong>erinnert sich an seine eigene Erkrankung: \u201eIch selbst habe w\u00e4hrend meiner Corona-Infektion vor einiger Zeit die Wirkung der Impfung direkt miterlebt und will mir nicht ausmalen, wie es mir m\u00f6glicherweise ohne den Schutz der Impfung ergangen w\u00e4re. Die Zahl der geimpften Saarl\u00e4nderinnen und Saarl\u00e4nder ist im L\u00e4ndervergleich gl\u00fccklicherweise bereits vorbildlich hoch, dennoch m\u00fcssen wir unser Impf-Tempo weiterhin aufrechterhalten und wenn m\u00f6glich noch steigern.<\/p>\n\n\n\n<p>Daher unterst\u00fctze ich unsere saarl\u00e4ndischen Blaulicht-Organisationen nat\u00fcrlich bei ihrem Appell an alle, die noch keinen vollst\u00e4ndigen Schutz haben: Lassen Sie sich bitte impfen!\u201c<\/p>\n\n\n\n<p><strong>Manfred Rippel, Pr\u00e4sident des Landesfeuerwehrverbandes<\/strong>, ist der Initiator der Aktion und der Meinung, dass sich die sogenannten \u201eStillen\u201c auch mal formieren m\u00fcssen!<\/p>\n\n\n\n<p>Er sagt: \u201eDie eigene Freiheit h\u00f6rt da auf, wo andere beeintr\u00e4chtigt und gef\u00e4hrdet werden. Lassen Sie sich bitte impfen!&#8220;<\/p>\n\n\n\n<p><strong>Norbert Rupp, Polizeipr\u00e4sident<\/strong> appelliert an die Bev\u00f6lkerung: \u201eFast 100 % Impfquote in der Polizei. WIR tun es auch f\u00fcr IHRE Sicherheit. Bitte machen Sie mit!!!\u201c<\/p>\n\n\n\n<p><strong>Timo Meyer, Landesbrandinspekteur Saarland:<\/strong> \u201eGetreu unserem Motto &#8211; Einer f\u00fcr Alle, Alle f\u00fcr Einen: Lassen auch Sie sich impfen.\u201c<\/p>\n\n\n\n<p><strong>Thomas Meiser, Gesch\u00e4ftsf\u00fchrer Unfallkasse Saarland:<\/strong> \u201eWer auf den Schutz aller achtet, hat die Achtung aller verdient \u2013 Impfen sch\u00fctzt.\u201c<\/p>\n\n\n\n<p><strong>Michael Burkert, Pr\u00e4sident DRK-Landesverband Saarland e.V.<\/strong>: \u201eLassen Sie sich impfen, damit wir weiter \u00fcberall dort helfen k\u00f6nnen, wo Hilfe dringend gebraucht wird.\u201c<\/p>\n\n\n\n<p><strong>Bernd Schnabel, Landesbeauftragter der Malteser Saarland:<\/strong> \u201eMit meiner Impfung \u00fcbernehme ich Verantwortung f\u00fcr das Wohlergehen meiner N\u00e4chsten und von mir selbst, weil Impfen z\u00e4hlt!\u201c<\/p>\n\n\n\n<p><strong>Christian Petry Pr\u00e4sident THW Landesvereinigung SAAR e.V.: <\/strong>\u201eWir helfen jederzeit. Helfen auch Sie, Corona zu besiegen \u2013 lassen Sie sich bitte impfen\u201c<\/p>\n\n\n\n<p><strong>Rudi Herrmann, Landesvorsitzender Saarland Verband der Reservisten<\/strong>: \u201eWir dienen Deutschland und sind gegen Extremismus. Lassen Sie sich impfen\u201c<\/p>\n\n\n\n<p><strong>Bernhard Roth, Gesch\u00e4ftsf\u00fchrer ASB Landesverband Saarland e.V.<\/strong>: \u201eWir wollen wieder die Freiheit f\u00fcr Alle. Impfen f\u00fchrt uns in diese Freiheit zur\u00fcck!\u201c<\/p>\n\n\n\n<p><strong>Esra Limbacher, ehrenamtlicher Vorstand Johanniter-Unfall-Hilfe Saarland<\/strong>: \u201eIch lasse mich impfen, weil ich mir unser Leben vor der Pandemie zur\u00fcck w\u00fcnsche. Impfungen sch\u00fctzen uns und sind der schnellste Weg hinaus aus der Pandemie!&#8220;<\/p>\n\n\n\n<p>Die Kampagne wird unterst\u00fctzt durch kommunale Busunternehmen, die bei der Verbreitung der wichtigen Botschaften helfen. \u201eMit unserem Monitorsystem in den Bussen erreichen wir bis zu<\/p>\n\n\n\n<p>180 000 Menschen im Monat. Impfen geht uns alle an. Gerne helfen wir dabei, die \u00d6ffentlichkeit zu sensibilisieren.<\/p>\n\n\n\n<p>Impfen ist zum Beispiel ohne Termin diesen Samstag am Neunkircher Zoo von 10:00-15:30 Uhr mit zwei mobilen Impfbussen und einem Aufw\u00e4rmbus m\u00f6glich&#8220;, so Pascal Koch, Gesch\u00e4ftsf\u00fchrer der Neunkircher Verkehrs GmbH, der sich \u00fcber die zahlreichen Impfm\u00f6glichkeiten im Saarland freut.<\/p>\n\n\n\n<p>Meinen ganz pers\u00f6nlichen Dank an die Sponsoren der Kampagne, der UKS sowie Michael Rennig und Christian M\u00f6rsdorf vom MEC-Institut f\u00fcr Wirtschaftsdynamik.<\/p>\n\n\n\n<p>Weiteren Dank an Innenminister Klaus Bouillon mit seinem Presseteam, Gastgeber OB J\u00f6rg Aumann von der Stadt Neunkirchen und&nbsp; Pascal Koch von der NVG und an alle mitwirkenden Organisationen!<\/p>\n\n\n\n<p>Mit freundlichen Gr\u00fc\u00dfen<\/p>\n\n\n\n<figure class=\"wp-block-table\"><table><tbody><tr><td><\/td><\/tr><tr><td><\/td><td><img loading=\"lazy\" decoding=\"async\" width=\"13\" height=\"2\" src=\"\"><\/td><\/tr><\/tbody><\/table><\/figure>\n\n\n\n<p><strong>Manfred Rippel&nbsp;&nbsp;&nbsp;&nbsp;&nbsp;&nbsp;&nbsp;&nbsp;&nbsp;&nbsp;&nbsp;&nbsp;&nbsp;&nbsp;&nbsp;&nbsp;&nbsp;&nbsp;&nbsp;&nbsp;&nbsp;&nbsp;&nbsp;&nbsp;&nbsp;&nbsp;&nbsp;&nbsp;&nbsp;&nbsp;&nbsp;&nbsp;&nbsp;&nbsp;&nbsp;&nbsp;&nbsp;&nbsp;&nbsp;&nbsp;&nbsp;&nbsp;&nbsp;&nbsp;&nbsp;&nbsp;&nbsp;&nbsp;&nbsp;&nbsp;&nbsp;&nbsp;&nbsp;<\/strong><\/p>\n\n\n\n<p><strong>Pr\u00e4sident&nbsp;&nbsp;&nbsp;&nbsp; <\/strong><strong>&nbsp;&nbsp;&nbsp;&nbsp;&nbsp;&nbsp;&nbsp;&nbsp;&nbsp;&nbsp;&nbsp;&nbsp;&nbsp;&nbsp;&nbsp;&nbsp;&nbsp;&nbsp;&nbsp;&nbsp;&nbsp;&nbsp;&nbsp;<\/strong><\/p>\n","protected":false},"excerpt":{"rendered":"<p>Information f\u00fcr die Presse &nbsp; \u201eImpfen mit Blaulicht\u201c Blaulicht-Organisationen im Saarland rufen zum Impfen auf. Im Kampf gegen die Corona-Pandemie ist das Impfen ein wichtiger Baustein. Nur wenn m\u00f6glichst viele Menschen einen ausreichenden Schutz gegen Covid19 haben, kann das Virus besiegt werden. Aus diesem Grund macht sich der Landesfeuerwehrverband mit saarl\u00e4ndischen Blaulicht-Organisationen stark f\u00fcrs Impfen [&hellip;]<\/p>\n","protected":false},"author":95,"featured_media":2708,"comment_status":"closed","ping_status":"closed","sticky":false,"template":"","format":"standard","meta":{"_bbp_topic_count":0,"_bbp_reply_count":0,"_bbp_total_topic_count":0,"_bbp_total_reply_count":0,"_bbp_voice_count":0,"_bbp_anonymous_reply_count":0,"_bbp_topic_count_hidden":0,"_bbp_reply_count_hidden":0,"_bbp_forum_subforum_count":0,"footnotes":""},"categories":[50],"tags":[],"class_list":["post-6132","post","type-post","status-publish","format-standard","has-post-thumbnail","hentry","category-archiv"],"_links":{"self":[{"href":"https:\/\/www.feuerwehrverband-saarbruecken.de\/index.php?rest_route=\/wp\/v2\/posts\/6132","targetHints":{"allow":["GET"]}}],"collection":[{"href":"https:\/\/www.feuerwehrverband-saarbruecken.de\/index.php?rest_route=\/wp\/v2\/posts"}],"about":[{"href":"https:\/\/www.feuerwehrverband-saarbruecken.de\/index.php?rest_route=\/wp\/v2\/types\/post"}],"author":[{"embeddable":true,"href":"https:\/\/www.feuerwehrverband-saarbruecken.de\/index.php?rest_route=\/wp\/v2\/users\/95"}],"replies":[{"embeddable":true,"href":"https:\/\/www.feuerwehrverband-saarbruecken.de\/index.php?rest_route=%2Fwp%2Fv2%2Fcomments&post=6132"}],"version-history":[{"count":6,"href":"https:\/\/www.feuerwehrverband-saarbruecken.de\/index.php?rest_route=\/wp\/v2\/posts\/6132\/revisions"}],"predecessor-version":[{"id":6143,"href":"https:\/\/www.feuerwehrverband-saarbruecken.de\/index.php?rest_route=\/wp\/v2\/posts\/6132\/revisions\/6143"}],"wp:featuredmedia":[{"embeddable":true,"href":"https:\/\/www.feuerwehrverband-saarbruecken.de\/index.php?rest_route=\/wp\/v2\/media\/2708"}],"wp:attachment":[{"href":"https:\/\/www.feuerwehrverband-saarbruecken.de\/index.php?rest_route=%2Fwp%2Fv2%2Fmedia&parent=6132"}],"wp:term":[{"taxonomy":"category","embeddable":true,"href":"https:\/\/www.feuerwehrverband-saarbruecken.de\/index.php?rest_route=%2Fwp%2Fv2%2Fcategories&post=6132"},{"taxonomy":"post_tag","embeddable":true,"href":"https:\/\/www.feuerwehrverband-saarbruecken.de\/index.php?rest_route=%2Fwp%2Fv2%2Ftags&post=6132"}],"curies":[{"name":"wp","href":"https:\/\/api.w.org\/{rel}","templated":true}]}}