{"id":6125,"date":"2022-01-20T18:51:49","date_gmt":"2022-01-20T17:51:49","guid":{"rendered":"https:\/\/www.feuerwehrverband-saarbruecken.de\/?p=6125"},"modified":"2022-04-18T18:17:52","modified_gmt":"2022-04-18T16:17:52","slug":"der-fachbereich-presse-und-oeffentlichkeitsarbeit-der-freiwilligen-feuerwehren-im-regionalverband-saarbruecken-trauert-um-seinen-stellvertretenden-fachbereichsleiter-brandmeister-hans-peter-fruehauf","status":"publish","type":"post","link":"https:\/\/www.feuerwehrverband-saarbruecken.de\/?p=6125","title":{"rendered":"Der Fachbereich Presse- und \u00d6ffentlichkeitsarbeit"},"content":{"rendered":"\n<div class=\"wp-block-image\"><figure class=\"aligncenter size-full is-resized\"><img loading=\"lazy\" decoding=\"async\" src=\"https:\/\/www.feuerwehrverband-saarbruecken.de\/wp-content\/uploads\/2022\/01\/image-1.png\" alt=\"\" class=\"wp-image-6126\" width=\"360\" height=\"406\" srcset=\"https:\/\/www.feuerwehrverband-saarbruecken.de\/wp-content\/uploads\/2022\/01\/image-1.png 668w, https:\/\/www.feuerwehrverband-saarbruecken.de\/wp-content\/uploads\/2022\/01\/image-1-221x250.png 221w\" sizes=\"auto, (max-width: 360px) 100vw, 360px\" \/><\/figure><\/div>\n\n\n\n<p class=\"has-text-align-center\" style=\"font-size:26px\">Nachruf<\/p>\n\n\n\n<p class=\"has-normal-font-size\">Der Fachbereich Presse- und \u00d6ffentlichkeitsarbeit der Freiwilligen Feuerwehren im Regionalverband Saarbr\u00fccken trauert um seinen stellvertretenden Fachbereichsleiter Brandmeister Hans-Peter Fr\u00fchauf, der pl\u00f6tzlich und unerwartet im Alter von 64 Jahren verstorben ist.<\/p>\n\n\n\n<p class=\"has-normal-font-size\">Die Nachricht von seinem Tod traf uns wie ein Schlag. Zur Kenntnis genommen haben wir sie, aber verstehen k\u00f6nnen wir sie l\u00e4ngst noch nicht. Wir sind schockiert, fassungslos und sprachlos gleicherma\u00dfen.<\/p>\n\n\n\n<p class=\"has-normal-font-size\">Hans-Peter Fr\u00fchauf arbeitete seit Gr\u00fcndung des Fachbereichs Presse- und \u00d6ffentlichkeitsarbeit in diesem mit, zuletzt als stellvertretender Pressesprecher der Freiwilligen Feuerwehren im Regionalverband Saarbr\u00fccken.<\/p>\n\n\n\n<p class=\"has-normal-font-size\">Mit Hans Peter verlieren wir einen engagierten und allseits beliebten Feuerwehrkameraden.<\/p>\n\n\n\n<p class=\"has-normal-font-size\">Unsere Gedanken sind bei seiner Familie, seinen Freunden und den Kameradinnen und Kameraden der Freiwilligen Feuerwehr V\u00f6lklingen.<\/p>\n\n\n\n<p class=\"has-normal-font-size\">Wir werden ihn stets in guter Erinnerung behalten und ihn nie Vergessen.<\/p>\n\n\n\n<p class=\"has-normal-font-size\">F\u00fcr das gesamte Team des Fachbereich Presse- und \u00d6ffentlichkeitsarbeit im Regionalverband Saarbr\u00fccken<\/p>\n\n\n\n<p class=\"has-normal-font-size\">Pascal Altmayer &#8211; Oberbrandmeister<br>Fachbereichsleiter<\/p>\n","protected":false},"excerpt":{"rendered":"<p>Nachruf Der Fachbereich Presse- und \u00d6ffentlichkeitsarbeit der Freiwilligen Feuerwehren im Regionalverband Saarbr\u00fccken trauert um seinen stellvertretenden Fachbereichsleiter Brandmeister Hans-Peter Fr\u00fchauf, der pl\u00f6tzlich und unerwartet im Alter von 64 Jahren verstorben ist. Die Nachricht von seinem Tod traf uns wie ein Schlag. Zur Kenntnis genommen haben wir sie, aber verstehen k\u00f6nnen wir sie l\u00e4ngst noch nicht. [&hellip;]<\/p>\n","protected":false},"author":95,"featured_media":2708,"comment_status":"closed","ping_status":"closed","sticky":false,"template":"","format":"standard","meta":{"_bbp_topic_count":0,"_bbp_reply_count":0,"_bbp_total_topic_count":0,"_bbp_total_reply_count":0,"_bbp_voice_count":0,"_bbp_anonymous_reply_count":0,"_bbp_topic_count_hidden":0,"_bbp_reply_count_hidden":0,"_bbp_forum_subforum_count":0,"footnotes":""},"categories":[50],"tags":[],"class_list":["post-6125","post","type-post","status-publish","format-standard","has-post-thumbnail","hentry","category-archiv"],"_links":{"self":[{"href":"https:\/\/www.feuerwehrverband-saarbruecken.de\/index.php?rest_route=\/wp\/v2\/posts\/6125","targetHints":{"allow":["GET"]}}],"collection":[{"href":"https:\/\/www.feuerwehrverband-saarbruecken.de\/index.php?rest_route=\/wp\/v2\/posts"}],"about":[{"href":"https:\/\/www.feuerwehrverband-saarbruecken.de\/index.php?rest_route=\/wp\/v2\/types\/post"}],"author":[{"embeddable":true,"href":"https:\/\/www.feuerwehrverband-saarbruecken.de\/index.php?rest_route=\/wp\/v2\/users\/95"}],"replies":[{"embeddable":true,"href":"https:\/\/www.feuerwehrverband-saarbruecken.de\/index.php?rest_route=%2Fwp%2Fv2%2Fcomments&post=6125"}],"version-history":[{"count":2,"href":"https:\/\/www.feuerwehrverband-saarbruecken.de\/index.php?rest_route=\/wp\/v2\/posts\/6125\/revisions"}],"predecessor-version":[{"id":6130,"href":"https:\/\/www.feuerwehrverband-saarbruecken.de\/index.php?rest_route=\/wp\/v2\/posts\/6125\/revisions\/6130"}],"wp:featuredmedia":[{"embeddable":true,"href":"https:\/\/www.feuerwehrverband-saarbruecken.de\/index.php?rest_route=\/wp\/v2\/media\/2708"}],"wp:attachment":[{"href":"https:\/\/www.feuerwehrverband-saarbruecken.de\/index.php?rest_route=%2Fwp%2Fv2%2Fmedia&parent=6125"}],"wp:term":[{"taxonomy":"category","embeddable":true,"href":"https:\/\/www.feuerwehrverband-saarbruecken.de\/index.php?rest_route=%2Fwp%2Fv2%2Fcategories&post=6125"},{"taxonomy":"post_tag","embeddable":true,"href":"https:\/\/www.feuerwehrverband-saarbruecken.de\/index.php?rest_route=%2Fwp%2Fv2%2Ftags&post=6125"}],"curies":[{"name":"wp","href":"https:\/\/api.w.org\/{rel}","templated":true}]}}