{"id":4636,"date":"2020-11-26T18:55:04","date_gmt":"2020-11-26T17:55:04","guid":{"rendered":"http:\/\/www.feuerwehrverband-saarbruecken.de\/?p=4636"},"modified":"2024-07-26T10:36:39","modified_gmt":"2024-07-26T08:36:39","slug":"webinars","status":"publish","type":"post","link":"https:\/\/www.feuerwehrverband-saarbruecken.de\/?p=4636","title":{"rendered":"Webinars"},"content":{"rendered":"\n<p><\/p>\n\n\n\n<figure class=\"wp-block-table is-style-stripes\"><table class=\"has-subtle-pale-green-background-color has-fixed-layout has-background\"><thead><tr><th>Datum<\/th><th>Uhrzeit<\/th><th class=\"has-text-align-center\" data-align=\"center\">Webinar<\/th><th>Ausbilder<\/th><th>Veranstalter<\/th><th>Bemerkung<\/th><th>Download<\/th><\/tr><\/thead><tbody><tr><td><\/td><td><\/td><td class=\"has-text-align-center\" data-align=\"center\"><\/td><td><\/td><td><\/td><td><\/td><td><\/td><\/tr><tr><td><\/td><td><\/td><td class=\"has-text-align-center\" data-align=\"center\"><\/td><td><\/td><td><\/td><td><\/td><td><\/td><\/tr><tr><td><\/td><td><\/td><td class=\"has-text-align-center\" data-align=\"center\"><\/td><td><\/td><td><\/td><td><\/td><td><\/td><\/tr><tr><td><\/td><td><\/td><td class=\"has-text-align-center\" data-align=\"center\"><\/td><td><\/td><td><\/td><td><\/td><td><\/td><\/tr><tr><td>09.02.2021<\/td><td>19:00 Uhr <\/td><td class=\"has-text-align-center\" data-align=\"center\">Einsatzgrunds\u00e4tze beim Atemschutzeinsatz<\/td><td>Thomas Keck<\/td><td>Feuerwehr Saarbr\u00fccken<\/td><td><a href=\"https:\/\/www.facebook.com\/events\/404097343984958\" data-type=\"URL\" data-id=\"https:\/\/www.facebook.com\/events\/404097343984958\" target=\"_blank\" rel=\"noreferrer noopener\">Hier Anmelden<\/a><\/td><td><\/td><\/tr><tr><td><\/td><td><\/td><td class=\"has-text-align-center\" data-align=\"center\"><\/td><td><\/td><td><\/td><td><\/td><td><\/td><\/tr><tr><td>24.01.2021<\/td><td>11:00  Uhr<\/td><td class=\"has-text-align-center\" data-align=\"center\">Erste Hilfe Sofortma\u00dfnahme <\/td><td>Jan Engel            LB 13<\/td><td>Feuerwehr Saarbr\u00fccken<\/td><td><a href=\"https:\/\/www.facebook.com\/freiwilligefeuerwehrsaarbruecken\" target=\"_blank\" rel=\"noreferrer noopener\"><strong>Hier Anmelden<\/strong><\/a><\/td><td><\/td><\/tr><tr><td><\/td><td><\/td><td class=\"has-text-align-center\" data-align=\"center\"><\/td><td><\/td><td><\/td><td><\/td><td><\/td><\/tr><tr><td>20.01.2021<\/td><td>18:00 Uhr<\/td><td class=\"has-text-align-center\" data-align=\"center\">Feuerwehreins\u00e4tze mit Photovoltaikanlagen<\/td><td>Ulrich Wolf<\/td><td>Feuerwehrmagazin<\/td><td><a rel=\"noreferrer noopener\" href=\"https:\/\/www.eventbrite.de\/e\/einsatz-bei-photovoltaikanlagen-tickets-135693987369?aff=Banner\" target=\"_blank\"><strong>Anmeldung \u00fcber diesen Link<\/strong><\/a><\/td><td><\/td><\/tr><tr><td><\/td><td><\/td><td class=\"has-text-align-center\" data-align=\"center\"><\/td><td><\/td><td><\/td><td><\/td><td><\/td><\/tr><tr><td>01.12.2020<\/td><td>19:00 Uhr<\/td><td class=\"has-text-align-center\" data-align=\"center\">Moderner Einsatz\/<br>Ausbildungsdokumentation mithilfe von Helmkameras<\/td><td>Christoph Gruber<\/td><td><a href=\"mailto:ausbildung@doppler-brandschutz.de\">ausbildung@doppler-brandschutz.de<\/a><\/td><td>Die Anmeldung erfolgt \u00fcber unsere Emailadresse<\/td><td><\/td><\/tr><tr><td><\/td><td><\/td><td class=\"has-text-align-center\" data-align=\"center\"><\/td><td><\/td><td><\/td><td><\/td><td><\/td><\/tr><tr><td>02.12.2020<\/td><td>19:30 Uhr<\/td><td class=\"has-text-align-center\" data-align=\"center\">Der Krebs und die Feuerwehr<\/td><td>Jan Leutheuser<\/td><td>http:\/\/bit.ly\/368qkkR<\/td><td>Anmeldung \u00fcber diesen Link<\/td><td><\/td><\/tr><tr><td><\/td><td><\/td><td class=\"has-text-align-center\" data-align=\"center\"><\/td><td><\/td><td><\/td><td><\/td><td><\/td><\/tr><tr><td>16.12.2020<\/td><td>19:30 Uhr<\/td><td class=\"has-text-align-center\" data-align=\"center\">Vorstellung Betriebsfeuerwehr ZF <\/td><td>Feuerwehr Saarbr\u00fccken<\/td><td><a href=\"https:\/\/fb.me\/e\/56FSm3bf5\" target=\"_blank\" rel=\"noreferrer noopener\">https:\/\/fb.me\/e\/56FSm3bf5<\/a><\/td><td>\u00dcber diesen Link einw\u00e4hlen<\/td><td><\/td><\/tr><tr><td><\/td><td><\/td><td class=\"has-text-align-center\" data-align=\"center\"><\/td><td><\/td><td><\/td><td><\/td><td><\/td><\/tr><tr><td>20.12.2020<\/td><td>11:00 Uhr<\/td><td class=\"has-text-align-center\" data-align=\"center\">\u201eBrennen und L\u00f6schen\u201c<\/td><td>Jugendfeuerwehr Saarbr\u00fccken<\/td><td><a href=\"https:\/\/smex-ctp.trendmicro.com:443\/wis\/clicktime\/v1\/query?url=https%3a%2f%2fbit.ly%2f2Wf9cUP&amp;umid=36720f5a-3237-425a-92d5-9ba1a2621e77&amp;auth=a45072ad993d7bd092c743a244198dc702d874e3-97680e816d93c2649d34914fe6282d39ba58474f\">https:\/\/bit.ly\/2Wf9cUP<\/a><\/td><td>Einw\u00e4hlen mit diesem Link<\/td><td><\/td><\/tr><tr><td><\/td><td><\/td><td class=\"has-text-align-center\" data-align=\"center\"><\/td><td><\/td><td><\/td><td><\/td><td><\/td><\/tr><tr><td><\/td><td><\/td><td class=\"has-text-align-center\" data-align=\"center\"><\/td><td><\/td><td><\/td><td><\/td><td><\/td><\/tr><tr><td><\/td><td><\/td><td class=\"has-text-align-center\" data-align=\"center\"><\/td><td><\/td><td><\/td><td><\/td><td><\/td><\/tr><tr><td><\/td><td><\/td><td class=\"has-text-align-center\" data-align=\"center\"><\/td><td><\/td><td><\/td><td><\/td><td><\/td><\/tr><tr><td><\/td><td><\/td><td class=\"has-text-align-center\" data-align=\"center\"><\/td><td><\/td><td><\/td><td><\/td><td><\/td><\/tr><\/tbody><\/table><\/figure>\n","protected":false},"excerpt":{"rendered":"<p>Datum Uhrzeit Webinar Ausbilder Veranstalter Bemerkung Download 09.02.2021 19:00 Uhr Einsatzgrunds\u00e4tze beim Atemschutzeinsatz Thomas Keck Feuerwehr Saarbr\u00fccken Hier Anmelden 24.01.2021 11:00 Uhr Erste Hilfe Sofortma\u00dfnahme Jan Engel LB 13 Feuerwehr Saarbr\u00fccken Hier Anmelden 20.01.2021 18:00 Uhr Feuerwehreins\u00e4tze mit Photovoltaikanlagen Ulrich Wolf Feuerwehrmagazin Anmeldung \u00fcber diesen Link 01.12.2020 19:00 Uhr Moderner Einsatz\/Ausbildungsdokumentation mithilfe von Helmkameras Christoph [&hellip;]<\/p>\n","protected":false},"author":95,"featured_media":4637,"comment_status":"closed","ping_status":"closed","sticky":false,"template":"","format":"status","meta":{"_bbp_topic_count":0,"_bbp_reply_count":0,"_bbp_total_topic_count":0,"_bbp_total_reply_count":0,"_bbp_voice_count":0,"_bbp_anonymous_reply_count":0,"_bbp_topic_count_hidden":0,"_bbp_reply_count_hidden":0,"_bbp_forum_subforum_count":0,"footnotes":""},"categories":[50],"tags":[],"class_list":["post-4636","post","type-post","status-publish","format-status","has-post-thumbnail","hentry","category-archiv","post_format-post-format-status"],"_links":{"self":[{"href":"https:\/\/www.feuerwehrverband-saarbruecken.de\/index.php?rest_route=\/wp\/v2\/posts\/4636","targetHints":{"allow":["GET"]}}],"collection":[{"href":"https:\/\/www.feuerwehrverband-saarbruecken.de\/index.php?rest_route=\/wp\/v2\/posts"}],"about":[{"href":"https:\/\/www.feuerwehrverband-saarbruecken.de\/index.php?rest_route=\/wp\/v2\/types\/post"}],"author":[{"embeddable":true,"href":"https:\/\/www.feuerwehrverband-saarbruecken.de\/index.php?rest_route=\/wp\/v2\/users\/95"}],"replies":[{"embeddable":true,"href":"https:\/\/www.feuerwehrverband-saarbruecken.de\/index.php?rest_route=%2Fwp%2Fv2%2Fcomments&post=4636"}],"version-history":[{"count":18,"href":"https:\/\/www.feuerwehrverband-saarbruecken.de\/index.php?rest_route=\/wp\/v2\/posts\/4636\/revisions"}],"predecessor-version":[{"id":5247,"href":"https:\/\/www.feuerwehrverband-saarbruecken.de\/index.php?rest_route=\/wp\/v2\/posts\/4636\/revisions\/5247"}],"wp:featuredmedia":[{"embeddable":true,"href":"https:\/\/www.feuerwehrverband-saarbruecken.de\/index.php?rest_route=\/wp\/v2\/media\/4637"}],"wp:attachment":[{"href":"https:\/\/www.feuerwehrverband-saarbruecken.de\/index.php?rest_route=%2Fwp%2Fv2%2Fmedia&parent=4636"}],"wp:term":[{"taxonomy":"category","embeddable":true,"href":"https:\/\/www.feuerwehrverband-saarbruecken.de\/index.php?rest_route=%2Fwp%2Fv2%2Fcategories&post=4636"},{"taxonomy":"post_tag","embeddable":true,"href":"https:\/\/www.feuerwehrverband-saarbruecken.de\/index.php?rest_route=%2Fwp%2Fv2%2Ftags&post=4636"}],"curies":[{"name":"wp","href":"https:\/\/api.w.org\/{rel}","templated":true}]}}