{"id":4495,"date":"2020-10-12T13:16:28","date_gmt":"2020-10-12T11:16:28","guid":{"rendered":"http:\/\/www.feuerwehrverband-saarbruecken.de\/?p=4495"},"modified":"2020-12-20T11:45:09","modified_gmt":"2020-12-20T10:45:09","slug":"ehrenamt-12-10-2020","status":"publish","type":"post","link":"https:\/\/www.feuerwehrverband-saarbruecken.de\/?p=4495","title":{"rendered":"Ehrenamt     12.10.2020"},"content":{"rendered":"\n<p>Ordentliche Mitglieder (Pr\u00e4sidenten, Vorsitzende, Gesch\u00e4ftsstellen)<\/p>\n\n\n\n<p>Sehr geehrte Damen und Herren,<\/p>\n\n\n\n<p>nachstehend gerne noch rasch einen aktuellen Hinweis aus dem Bundesrat:<\/p>\n\n\n\n<p><strong>Bundesrat setzt sich f\u00fcr Ehrenamt ein<\/strong><\/p>\n\n\n\n<p>Der Bundesrat hat sich am 9. Oktober 2020 ausf\u00fchrlich mit den Regierungspl\u00e4nen f\u00fcr das Jahressteuergesetz 2020 auseinandergesetzt. In seiner Stellungnahme zeigt er zahlreichen \u00c4nderungsbedarf am Regierungsentwurf auf &#8211; vor allem im Einkommensteuergesetz und der Abgabenordnung.<\/p>\n\n\n\n<p><strong>Gesellschaftliches Engagement honorieren<\/strong><\/p>\n\n\n\n<p>Der Bundesrat wiederholt seine schon mehrfach ge\u00e4u\u00dferte&nbsp;<a href=\"https:\/\/www.bundesrat.de\/SharedDocs\/drucksachen\/2019\/0501-0600\/552-19(B).html;jsessionid=8E24E2EEDF42E329B78A4F59094B660E.2_cid382?nn=4352768\">Forderung&nbsp;<\/a>an Bundesregierung und Bundestag, ehrenamtliches Engagement steuerlich besser zu honorieren: Die \u00dcbungsleiterpauschale soll auf 3000 Euro steigen, die Ehrenamtspauschale auf 840 Euro. Beide waren zuletzt im Veranlagungszeitraum f\u00fcr 2013 angepasst worden.&nbsp;<\/p>\n\n\n\n<p>Der Freibetrag der K\u00f6rperschaftsteuer f\u00fcr gemeinn\u00fctzige Vereine und Stiftungen soll nach Ansicht der L\u00e4nder erh\u00f6ht werden: von derzeit 5000 auf k\u00fcnftig 7500 Euro.&nbsp;<\/p>\n\n\n\n<p>Es gr\u00fc\u00dft Sie freundlich<\/p>\n\n\n\n<p>Rudolf R\u00f6mer<\/p>\n\n\n\n<p>Stellvertretender Bundesgesch\u00e4ftsf\u00fchrer<\/p>\n\n\n\n<p>Deputy Managing Director<\/p>\n\n\n\n<p>Deutscher Feuerwehrverband<\/p>\n\n\n\n<p>German Fire Service Association<\/p>\n\n\n\n<p>Reinhardtstr. 25D &#8211; <\/p>\n\n\n\n<p>10117 BerliN<\/p>\n","protected":false},"excerpt":{"rendered":"<p>Ordentliche Mitglieder (Pr\u00e4sidenten, Vorsitzende, Gesch\u00e4ftsstellen) Sehr geehrte Damen und Herren, nachstehend gerne noch rasch einen aktuellen Hinweis aus dem Bundesrat: Bundesrat setzt sich f\u00fcr Ehrenamt ein Der Bundesrat hat sich am 9. Oktober 2020 ausf\u00fchrlich mit den Regierungspl\u00e4nen f\u00fcr das Jahressteuergesetz 2020 auseinandergesetzt. In seiner Stellungnahme zeigt er zahlreichen \u00c4nderungsbedarf am Regierungsentwurf auf &#8211; vor [&hellip;]<\/p>\n","protected":false},"author":95,"featured_media":2708,"comment_status":"closed","ping_status":"closed","sticky":false,"template":"","format":"standard","meta":{"_bbp_topic_count":0,"_bbp_reply_count":0,"_bbp_total_topic_count":0,"_bbp_total_reply_count":0,"_bbp_voice_count":0,"_bbp_anonymous_reply_count":0,"_bbp_topic_count_hidden":0,"_bbp_reply_count_hidden":0,"_bbp_forum_subforum_count":0,"footnotes":""},"categories":[50],"tags":[],"class_list":["post-4495","post","type-post","status-publish","format-standard","has-post-thumbnail","hentry","category-archiv"],"_links":{"self":[{"href":"https:\/\/www.feuerwehrverband-saarbruecken.de\/index.php?rest_route=\/wp\/v2\/posts\/4495","targetHints":{"allow":["GET"]}}],"collection":[{"href":"https:\/\/www.feuerwehrverband-saarbruecken.de\/index.php?rest_route=\/wp\/v2\/posts"}],"about":[{"href":"https:\/\/www.feuerwehrverband-saarbruecken.de\/index.php?rest_route=\/wp\/v2\/types\/post"}],"author":[{"embeddable":true,"href":"https:\/\/www.feuerwehrverband-saarbruecken.de\/index.php?rest_route=\/wp\/v2\/users\/95"}],"replies":[{"embeddable":true,"href":"https:\/\/www.feuerwehrverband-saarbruecken.de\/index.php?rest_route=%2Fwp%2Fv2%2Fcomments&post=4495"}],"version-history":[{"count":1,"href":"https:\/\/www.feuerwehrverband-saarbruecken.de\/index.php?rest_route=\/wp\/v2\/posts\/4495\/revisions"}],"predecessor-version":[{"id":4496,"href":"https:\/\/www.feuerwehrverband-saarbruecken.de\/index.php?rest_route=\/wp\/v2\/posts\/4495\/revisions\/4496"}],"wp:featuredmedia":[{"embeddable":true,"href":"https:\/\/www.feuerwehrverband-saarbruecken.de\/index.php?rest_route=\/wp\/v2\/media\/2708"}],"wp:attachment":[{"href":"https:\/\/www.feuerwehrverband-saarbruecken.de\/index.php?rest_route=%2Fwp%2Fv2%2Fmedia&parent=4495"}],"wp:term":[{"taxonomy":"category","embeddable":true,"href":"https:\/\/www.feuerwehrverband-saarbruecken.de\/index.php?rest_route=%2Fwp%2Fv2%2Fcategories&post=4495"},{"taxonomy":"post_tag","embeddable":true,"href":"https:\/\/www.feuerwehrverband-saarbruecken.de\/index.php?rest_route=%2Fwp%2Fv2%2Ftags&post=4495"}],"curies":[{"name":"wp","href":"https:\/\/api.w.org\/{rel}","templated":true}]}}