{"id":4413,"date":"2020-09-30T18:03:10","date_gmt":"2020-09-30T16:03:10","guid":{"rendered":"http:\/\/www.feuerwehrverband-saarbruecken.de\/?p=4413"},"modified":"2020-11-07T16:27:30","modified_gmt":"2020-11-07T15:27:30","slug":"jede-impfung-zaehlt-gerade-fuer-ihre-gesundheit","status":"publish","type":"post","link":"https:\/\/www.feuerwehrverband-saarbruecken.de\/?p=4413","title":{"rendered":"Jede Impfung z\u00e4hlt \u2013 gerade f\u00fcr Ihre Gesundheit!  \/    30.10.2020"},"content":{"rendered":"\n<p><\/p>\n\n\n\n<p class=\"has-drop-cap has-vivid-red-color has-text-color\" style=\"font-size:35px\"><strong>Das Corona-Virus (Erg\u00e4nzung XII):<br>Grippeschutzimpfung 2020<br>Jede Impfung z\u00e4hlt \u2013 gerade f\u00fcr Ihre Gesundheit!<\/strong><\/p>\n\n\n\n<p><\/p>\n\n\n\n<p>Sicher leben wir gerade in au\u00dfergew\u00f6hnlichen Zeiten \u2013 die Corona-Pandemie ist mit<br>ihren Auswirkungen noch lange nicht vorbei. In diesen Zeiten haben die Verantwortlichen in den Feuerwehren folgende Ziele vereinbart:<br>\uf0b7 Sicherung und Erhalt der Gesundheit der einzelnen Feuerwehrangeh\u00f6rigen<br>\uf0b7 Sicherung der Einsatzbereitschaft unserer Feuerwehren<\/p>\n\n\n\n<div class=\"wp-block-media-text is-stacked-on-mobile\" style=\"grid-template-columns:43% auto\"><figure class=\"wp-block-media-text__media\"><img loading=\"lazy\" decoding=\"async\" width=\"348\" height=\"235\" src=\"https:\/\/www.feuerwehrverband-saarbruecken.de\/wp-content\/uploads\/2020\/09\/Grippe.jpg\" alt=\"\" class=\"wp-image-4416\" srcset=\"https:\/\/www.feuerwehrverband-saarbruecken.de\/wp-content\/uploads\/2020\/09\/Grippe.jpg 348w, https:\/\/www.feuerwehrverband-saarbruecken.de\/wp-content\/uploads\/2020\/09\/Grippe-250x169.jpg 250w\" sizes=\"auto, (max-width: 348px) 100vw, 348px\" \/><\/figure><div class=\"wp-block-media-text__content\">\n<p style=\"font-size:19px\">Nat\u00fcrlich besteht ein innerer<br>Zusammenhang zwischen<br>diesen beiden Zielen. Nur<br>wenn die Feuerwehrangeh\u00f6rigen gesund sind, kann<br>die Feuerwehr ihre Einsatzbereitschaft aufrechterhalten.<\/p>\n<\/div><\/div>\n\n\n\n<p>Daher sollten wir alle Anstrengungen unternehmen, nat\u00fcrlich auch im pers\u00f6nlichen Interesse der Einzelnen,<br>unsere Gesundheit zu erhalten. Hierzu z\u00e4hlt auch die freiwillige Grippeschutzimpfung! Bei der Grippe ist mit einer \u00dcbertragung von Mensch zu Mensch zu rechnen, so dass der Ausfall einer gr\u00f6\u00dferen Anzahl von Menschen m\u00f6glich ist. Die Wiederherstellung der vollen Gesundheit kann bis zu mehrere Wochen mit anhaltender Schw\u00e4che dauern \u2013 dies kann die Einsatzf\u00e4higkeit von Feuerwehren einschr\u00e4nken! Eine Impfung ist damit nicht nur ein sinnvoller Schutz f\u00fcr den Einzelnen, sondern kann auch den Schutz der Bev\u00f6lkerung bei Gefahrenlagen bedeuten. Nun haben wir in diesem Jahr die Gefahr von zwei Infektionskrankheiten. Das Zusammentreffen einer Grippeerkrankung mit COVID-19 w\u00e4re eine hohe Herausforderung f\u00fcr unsere Gesundheit; die Infektionswege, die Symptome und auch die Behandlung \u00e4hneln sich verbl\u00fcffend, die gesundheitlichen Folgen k\u00f6nnen sich potenzieren. Auch Bundesgesundheitsminister Jens Spahn r\u00e4t unter den aktuellen Voraussetzungen zur Grippeimpfung: \u201eGleichzeitig eine gr\u00f6\u00dfere Grippewelle und die<br>Pandemie kann das Gesundheitssystem nur schwer verkraften\u201c, sagte er. Corona-Pandemie und Grippewelle \u2013 ganz sch\u00f6n viel f\u00fcr das Gesundheitssystem. Die Abnahme der COVID-19-F\u00e4lle im Fr\u00fchjahr k\u00f6nnte auch mit dem Ende der Grippesaison zusammenh\u00e4ngen. Zu diesem Ergebnis kam eine Untersuchung des MaxPlanck-Institutes. Demnach haben Grippeerkrankungen die Corona-\u00dcbertragung  um den Faktor 2,5 erh\u00f6ht. Das Ergebnis der Studie legt nahe, dass auch die kommende Grippewelle einen verst\u00e4rkenden Einfluss auf die Corona-Pandemie haben wird. Eine Grippeschutzimpfung kann daher auch einen Schutz vor COVID-19 bedeuten. Zwar f\u00fchre die Grippeschutzimpfung nicht zu einer spezifischen Immunisierung gegen Corona, k\u00f6nne aber das Immunsystem derart st\u00e4rken, dass eine Infektion mit<br>dem neuartigen Erreger harmloser verlaufe, so Klaus Reinhardt, Pr\u00e4sident der Bundes\u00e4rztekammer. Er f\u00fchrt aus, dass die Grippeschutzimpfung einen positiven Effekt auf das Risiko bei einer Infektion mit dem Coronavirus haben k\u00f6nne.<br>Zu den prim\u00e4ren Zielgruppen f\u00fcr die Grippeschutzimpfung geh\u00f6ren aufgrund ihrer T\u00e4tigkeit mit einer erh\u00f6hten Gef\u00e4hrdung, deren Kontakt zu gr\u00f6\u00dferen Gruppen (in Einrichtungen oder Publikumsverkehr) sowie aufgrund einer m\u00f6glichen \u00dcbertragung auf andere die Einsatzkr\u00e4fte der Feuerwehren, des Rettungsdienstes und der Polizei<\/p>\n\n\n\n<div class=\"wp-block-image\"><figure class=\"aligncenter size-large\"><img loading=\"lazy\" decoding=\"async\" width=\"556\" height=\"107\" src=\"https:\/\/www.feuerwehrverband-saarbruecken.de\/wp-content\/uploads\/2020\/09\/image-3.png\" alt=\"\" class=\"wp-image-4419\" srcset=\"https:\/\/www.feuerwehrverband-saarbruecken.de\/wp-content\/uploads\/2020\/09\/image-3.png 556w, https:\/\/www.feuerwehrverband-saarbruecken.de\/wp-content\/uploads\/2020\/09\/image-3-250x48.png 250w\" sizes=\"auto, (max-width: 556px) 100vw, 556px\" \/><\/figure><\/div>\n\n\n\n<p>Nehmen Sie rechtzeitig Kontakt mit einer \u00c4rztin oder einem Arzt Ihres Vertrauens auf, so k\u00f6nnen wir Versorgungsengp\u00e4sse vermeiden. <br>Vergessen Sie Ihren Impfausweis nicht.<\/p>\n\n\n\n<p><\/p>\n\n\n\n<p><br>Klaus Friedrich, Medizinaldirektor<br>Bundesfeuerwehrarzt<\/p>\n","protected":false},"excerpt":{"rendered":"<p>Das Corona-Virus (Erg\u00e4nzung XII):Grippeschutzimpfung 2020Jede Impfung z\u00e4hlt \u2013 gerade f\u00fcr Ihre Gesundheit! Sicher leben wir gerade in au\u00dfergew\u00f6hnlichen Zeiten \u2013 die Corona-Pandemie ist mitihren Auswirkungen noch lange nicht vorbei. In diesen Zeiten haben die Verantwortlichen in den Feuerwehren folgende Ziele vereinbart:\uf0b7 Sicherung und Erhalt der Gesundheit der einzelnen Feuerwehrangeh\u00f6rigen\uf0b7 Sicherung der Einsatzbereitschaft unserer Feuerwehren Nat\u00fcrlich [&hellip;]<\/p>\n","protected":false},"author":95,"featured_media":2708,"comment_status":"closed","ping_status":"closed","sticky":false,"template":"","format":"standard","meta":{"_bbp_topic_count":0,"_bbp_reply_count":0,"_bbp_total_topic_count":0,"_bbp_total_reply_count":0,"_bbp_voice_count":0,"_bbp_anonymous_reply_count":0,"_bbp_topic_count_hidden":0,"_bbp_reply_count_hidden":0,"_bbp_forum_subforum_count":0,"footnotes":""},"categories":[50],"tags":[],"class_list":["post-4413","post","type-post","status-publish","format-standard","has-post-thumbnail","hentry","category-archiv"],"_links":{"self":[{"href":"https:\/\/www.feuerwehrverband-saarbruecken.de\/index.php?rest_route=\/wp\/v2\/posts\/4413","targetHints":{"allow":["GET"]}}],"collection":[{"href":"https:\/\/www.feuerwehrverband-saarbruecken.de\/index.php?rest_route=\/wp\/v2\/posts"}],"about":[{"href":"https:\/\/www.feuerwehrverband-saarbruecken.de\/index.php?rest_route=\/wp\/v2\/types\/post"}],"author":[{"embeddable":true,"href":"https:\/\/www.feuerwehrverband-saarbruecken.de\/index.php?rest_route=\/wp\/v2\/users\/95"}],"replies":[{"embeddable":true,"href":"https:\/\/www.feuerwehrverband-saarbruecken.de\/index.php?rest_route=%2Fwp%2Fv2%2Fcomments&post=4413"}],"version-history":[{"count":6,"href":"https:\/\/www.feuerwehrverband-saarbruecken.de\/index.php?rest_route=\/wp\/v2\/posts\/4413\/revisions"}],"predecessor-version":[{"id":4452,"href":"https:\/\/www.feuerwehrverband-saarbruecken.de\/index.php?rest_route=\/wp\/v2\/posts\/4413\/revisions\/4452"}],"wp:featuredmedia":[{"embeddable":true,"href":"https:\/\/www.feuerwehrverband-saarbruecken.de\/index.php?rest_route=\/wp\/v2\/media\/2708"}],"wp:attachment":[{"href":"https:\/\/www.feuerwehrverband-saarbruecken.de\/index.php?rest_route=%2Fwp%2Fv2%2Fmedia&parent=4413"}],"wp:term":[{"taxonomy":"category","embeddable":true,"href":"https:\/\/www.feuerwehrverband-saarbruecken.de\/index.php?rest_route=%2Fwp%2Fv2%2Fcategories&post=4413"},{"taxonomy":"post_tag","embeddable":true,"href":"https:\/\/www.feuerwehrverband-saarbruecken.de\/index.php?rest_route=%2Fwp%2Fv2%2Ftags&post=4413"}],"curies":[{"name":"wp","href":"https:\/\/api.w.org\/{rel}","templated":true}]}}