{"id":4317,"date":"2020-08-08T10:21:10","date_gmt":"2020-08-08T08:21:10","guid":{"rendered":"http:\/\/www.feuerwehrverband-saarbruecken.de\/?p=4317"},"modified":"2020-11-07T16:27:22","modified_gmt":"2020-11-07T15:27:22","slug":"trauer-um-elf-tote-feuerwehrangehoerige-bei-explosion-in-beirut","status":"publish","type":"post","link":"https:\/\/www.feuerwehrverband-saarbruecken.de\/?p=4317","title":{"rendered":"Trauer um elf tote Feuerwehrangeh\u00f6rige bei Explosion in Beirut          \/    08.08.2020"},"content":{"rendered":"\n<figure class=\"wp-block-table\"><table><tbody><tr><td class=\"has-text-align-center\" data-align=\"center\"><br> <img decoding=\"async\" src=\"http:\/\/smoton.com\/l3slzozn\/s_f9ocy15z\/files\/Flammenbild_klein.jpg\" style=\"width: 650px;\"> \u00ad \u00ad \u00ad \u00ad \u00ad<br><br><br>Informationen des DEUTSCHEN FEUERWEHRVERBANDES \u00ad \u00ad <a href=\"https:\/\/smoton.com\/f9ocy15z-rypdy8jl-6g7hsx7m-doe\"><\/a> \u00ad \u00ad \u00ad \u00ad \u00ad \u00ad Pressemitteilung Nr. 32\/2020 vom 7. August 2020 \u00ad \u00ad \u00ad \u00ad Trauer um elf tote Feuerwehrangeh\u00f6rige bei Explosion in Beirut<br>Deutscher Feuerwehrverband r\u00e4t von unorganisierten Reisen zum spontanen Hilfseinsatz ab \u00ad \u00ad \u00ad \u00ad \u00ad <strong>Berlin <\/strong>\u2013 Bei der verheerenden Explosion in Beirut sind mindestens elf Feuerwehrangeh\u00f6rige ums Leben gekommen. \u201eWir trauern um sie und sind in Gedanken bei allen Einsatzkr\u00e4ften, die vor Ort versuchen, die unfassbare Lage zu bew\u00e4ltigen\u201c, erkl\u00e4rt Hermann Schreck, Vizepr\u00e4sident und st\u00e4ndiger Vertreter des Pr\u00e4sidenten des Deutschen Feuerwehrverbandes (DFV). Am 4. August war es in der Hauptstadt des Libanon zu einer Explosion gekommen, die zu bislang 130 Toten und Tausenden Verletzten f\u00fchrte. Weiterhin werden Menschen vermisst. Auch aus Deutschland ist organisierte Hilfe zum Suchen und Retten von Versch\u00fctteten, zur Versorgung der Verwundeten sowie zur Bew\u00e4ltigung der Lage angekommen oder auf dem Weg. \u201eWir hoffen, dass alle Helferinnen und Helfer den Einsatz unbeschadet \u00fcberstehen\u201c, so Schreck.<br>&nbsp;<br>Der Deutsche Feuerwehrverband r\u00e4t von unorganisierten Reisen zum spontanen Hilfseinsatz in die Region dringend ab. \u201eNur der offizielle und geordnete Rahmen kann gew\u00e4hrleisten, dass der Einsatz auch gewollt und effektiv ist und nicht noch die Ressourcen vor Ort weiter belastet\u201c, erl\u00e4utert Hermann Schreck den Hintergrund. Hinzu kommt die Versicherungsfrage.<br>&nbsp;<br>Wer die Hilfe vor Ort finanziell unterst\u00fctzen m\u00f6chte, kann dies \u00fcber zahlreiche Initiativen \u2013 darunter beim Deutschen Roten Kreuz (<a href=\"https:\/\/smoton.com\/f9ocy15z-rypdy8jl-7ndt2jgn-aoe\">www.drk.de<\/a>) oder der \u201eAktion Deutschland hilft\u201c (<a href=\"https:\/\/smoton.com\/f9ocy15z-rypdy8jl-brlziu6r-13uf\">https:\/\/www.aktion-deutschland-hilft.de\/de\/hilfseinsaetze\/explosion-beirut-libanon\/<\/a>), ein Zusammenschluss unter anderem des Arbeiter-Samariter-Bundes, der Johanniter-Unfall-Hilfe und des Malteser Hilfsdienstes. \u00ad \u00ad \u00ad \u00ad \u00ad <em>Pressekontakt: Silvia Darmst\u00e4dter, Telefon (030) 28 88 48 8-23, E-Mail <a href=\"mailto:darmstaedter@dfv.org\">darmstaedter@dfv.org<\/a>,<br>Twitter @FeuerwehrDFV, <a href=\"http:\/\/www.facebook.com\/112willkommen\">www.facebook.com\/112willkommen<\/a><br>Alle DFV-Presseinformationen finden Sie unter <a href=\"http:\/\/www.feuerwehrverband.de\/aktuelles\">www.feuerwehrverband.de\/aktuelles<\/a>.<br><br>Impressum: Deutscher Feuerwehrverband e.V. \u2013 Reinhardtstra\u00dfe 25 \u2013 10117 Berlin<\/em><br><a href=\"https:\/\/smoton.com\/f9ocy15z-rypdy8jl-g583c0l2-cas\">Newsletter abbestellen<\/a> \u00ad<\/td><\/tr><\/tbody><\/table><\/figure>\n","protected":false},"excerpt":{"rendered":"<p>\u00ad \u00ad \u00ad \u00ad \u00ad Informationen des DEUTSCHEN FEUERWEHRVERBANDES \u00ad \u00ad \u00ad \u00ad \u00ad \u00ad \u00ad \u00ad Pressemitteilung Nr. 32\/2020 vom 7. August 2020 \u00ad \u00ad \u00ad \u00ad Trauer um elf tote Feuerwehrangeh\u00f6rige bei Explosion in BeirutDeutscher Feuerwehrverband r\u00e4t von unorganisierten Reisen zum spontanen Hilfseinsatz ab \u00ad \u00ad \u00ad \u00ad \u00ad Berlin \u2013 Bei der [&hellip;]<\/p>\n","protected":false},"author":95,"featured_media":2708,"comment_status":"closed","ping_status":"closed","sticky":false,"template":"","format":"standard","meta":{"_bbp_topic_count":0,"_bbp_reply_count":0,"_bbp_total_topic_count":0,"_bbp_total_reply_count":0,"_bbp_voice_count":0,"_bbp_anonymous_reply_count":0,"_bbp_topic_count_hidden":0,"_bbp_reply_count_hidden":0,"_bbp_forum_subforum_count":0,"footnotes":""},"categories":[50],"tags":[],"class_list":["post-4317","post","type-post","status-publish","format-standard","has-post-thumbnail","hentry","category-archiv"],"_links":{"self":[{"href":"https:\/\/www.feuerwehrverband-saarbruecken.de\/index.php?rest_route=\/wp\/v2\/posts\/4317","targetHints":{"allow":["GET"]}}],"collection":[{"href":"https:\/\/www.feuerwehrverband-saarbruecken.de\/index.php?rest_route=\/wp\/v2\/posts"}],"about":[{"href":"https:\/\/www.feuerwehrverband-saarbruecken.de\/index.php?rest_route=\/wp\/v2\/types\/post"}],"author":[{"embeddable":true,"href":"https:\/\/www.feuerwehrverband-saarbruecken.de\/index.php?rest_route=\/wp\/v2\/users\/95"}],"replies":[{"embeddable":true,"href":"https:\/\/www.feuerwehrverband-saarbruecken.de\/index.php?rest_route=%2Fwp%2Fv2%2Fcomments&post=4317"}],"version-history":[{"count":3,"href":"https:\/\/www.feuerwehrverband-saarbruecken.de\/index.php?rest_route=\/wp\/v2\/posts\/4317\/revisions"}],"predecessor-version":[{"id":4453,"href":"https:\/\/www.feuerwehrverband-saarbruecken.de\/index.php?rest_route=\/wp\/v2\/posts\/4317\/revisions\/4453"}],"wp:featuredmedia":[{"embeddable":true,"href":"https:\/\/www.feuerwehrverband-saarbruecken.de\/index.php?rest_route=\/wp\/v2\/media\/2708"}],"wp:attachment":[{"href":"https:\/\/www.feuerwehrverband-saarbruecken.de\/index.php?rest_route=%2Fwp%2Fv2%2Fmedia&parent=4317"}],"wp:term":[{"taxonomy":"category","embeddable":true,"href":"https:\/\/www.feuerwehrverband-saarbruecken.de\/index.php?rest_route=%2Fwp%2Fv2%2Fcategories&post=4317"},{"taxonomy":"post_tag","embeddable":true,"href":"https:\/\/www.feuerwehrverband-saarbruecken.de\/index.php?rest_route=%2Fwp%2Fv2%2Ftags&post=4317"}],"curies":[{"name":"wp","href":"https:\/\/api.w.org\/{rel}","templated":true}]}}