{"id":4235,"date":"2020-07-02T17:06:13","date_gmt":"2020-07-02T17:06:13","guid":{"rendered":"http:\/\/www.feuerwehrverband-saarbruecken.de\/?p=4235"},"modified":"2020-08-08T10:09:22","modified_gmt":"2020-08-08T10:09:22","slug":"muehlhausen-thueringen-springt-fuer-deutsche-meisterschaften-ein","status":"publish","type":"post","link":"https:\/\/www.feuerwehrverband-saarbruecken.de\/?p=4235","title":{"rendered":"M\u00fchlhausen\/Th\u00fcringen springt f\u00fcr Deutsche Meisterschaften ein"},"content":{"rendered":"\n<figure class=\"wp-block-table\"><table><tbody><tr><td>Besuchen Sie hier die <a href=\"https:\/\/smoton.com\/f9ocy15z-pwib6npg-9ek99gh3-1abp\">Webversion<\/a>. <img decoding=\"async\" src=\"http:\/\/smoton.com\/l3slzozn\/s_f9ocy15z\/files\/Flammenbild_klein.jpg\"> \u00ad \u00ad \u00ad \u00ad \u00ad<br><br><br>Informationen des DEUTSCHEN FEUERWEHRVERBANDES \u00ad \u00ad <a href=\"https:\/\/smoton.com\/f9ocy15z-pwib6npg-bkh9m5uv-k5a\"><\/a> \u00ad \u00ad \u00ad \u00ad \u00ad \u00ad Pressemitteilung Nr. 29\/2020 vom 1. Juli 2020 \u00ad \u00ad \u00ad \u00ad M\u00fchlhausen\/Th\u00fcringen springt f\u00fcr Deutsche Meisterschaften ein<br>Wettbewerbe geplant f\u00fcr 28. Juli bis 1. August 2021 \/ CTIF-Olympiade auf 2022 verschoben \u00ad \u00ad \u00ad \u00ad \u00ad <strong>Berlin <\/strong>\u2013\u00a0 M\u00fchlhausen in Th\u00fcringen ist 2021 Gastgeber der Deutschen Feuerwehr-Meisterschaften. \u201eEigentlich hatten die Wettbewerbe in diesem Jahr im th\u00fcringischen Kyffh\u00e4userkreis stattfinden sollen\u201c, erl\u00e4utert Hermann Schreck, Vizepr\u00e4sident des Deutschen Feuerwehrverbandes (DFV). Aufgrund der Corona-Pandemielage wurde die Veranstaltung wie so viele andere zun\u00e4chst auf das kommende Jahr verschoben. \u201eLeider erkl\u00e4rte der Kyffh\u00e4userkreis dann, dass die Deutschen Feuerwehr-Meisterschaften wegen der Corona-Auswirkungen auch zu keinem anderen Zeitpunkt mehr dort durchgef\u00fchrt werden k\u00f6nnen\u201c, bedauert Schreck.\u00a0<br>\u201eWir freuen uns, dass sich ein alternativer Ausrichter gefunden hat und die Deutschen Meisterschaften nun in M\u00fchlhausen stattfinden werden. Diese Wettbewerbe sind die Qualifikation f\u00fcr die Feuerwehr-Olympiade des Weltfeuerwehrverbandes CTIF\u201c, erkl\u00e4rt DFV-Bundeswettbewerbsleiter Klaus-Georg Franke. \u201eDie Veranstaltung, bei der etwa 2.500 Feuerwehrsportler aus ganz Deutschland erwartet werden, ist ein herausragendes sportliches Ereignis. Wir haben uns einstimmig f\u00fcr die Ausrichtung entschieden und freuen uns auf die Deutschen Feuerwehr-Meisterschaften 2021 in M\u00fchlhausen\u201c, so Oberb\u00fcrgermeister Johannes Bruns (SPD). Geplant ist, die Meisterschaften vom 28. Juli bis 1. August stattfinden zu lassen. In die Veranstaltung einbezogen werden soll auch der historische Kern der mittelalterlichen Reichsstadt, in der bereits Johann Sebastian Bach und Thomas M\u00fcntzer wirkten.\u00a0<br>Die 17. Internationalen Feuerwehrwettbewerbe des Weltfeuerwehrverbandes CTIF sollen 2022 im slowenischen Celje stattfinden. Alle vier Jahren treten in den Bereichen Traditioneller Internationaler Wettbewerb, Internationaler Feuerwehr-Sportwettkampf und Internationaler Jugendwettbewerb rund 3.000 Teilnehmerinnen und Teilnehmern aus knapp 30 Nationen an. Informationen: <a href=\"https:\/\/smoton.com\/f9ocy15z-pwib6npg-g7fuwo5i-15dm\">www.ctif.org<\/a>. \u00ad \u00ad \u00ad<br>\u00ad <em>Pressekontakt: Silvia Darmst\u00e4dter, Telefon (030) 28 88 48 8-23, E-Mail <a href=\"mailto:darmstaedter@dfv.org\">darmstaedter@dfv.org<\/a>,<br>Twitter @FeuerwehrDFV, <a href=\"http:\/\/www.facebook.com\/112willkommen\">www.facebook.com\/112willkommen<\/a><br>Alle DFV-Presseinformationen finden Sie unter <a href=\"http:\/\/www.feuerwehrverband.de\/aktuelles\">www.feuerwehrverband.de\/aktuelles<\/a>.<br><br>Impressum: Deutscher Feuerwehrverband e.V. \u2013 Reinhardtstra\u00dfe 25 \u2013 10117 Berlin<\/em><br><a href=\"https:\/\/smoton.com\/f9ocy15z-pwib6npg-ko85d7if-du5\">Newsletter abbestellen<\/a> \u00ad<\/td><\/tr><\/tbody><\/table><\/figure>\n","protected":false},"excerpt":{"rendered":"<p>Besuchen Sie hier die Webversion. \u00ad \u00ad \u00ad \u00ad \u00ad Informationen des DEUTSCHEN FEUERWEHRVERBANDES \u00ad \u00ad \u00ad \u00ad \u00ad \u00ad \u00ad \u00ad Pressemitteilung Nr. 29\/2020 vom 1. Juli 2020 \u00ad \u00ad \u00ad \u00ad M\u00fchlhausen\/Th\u00fcringen springt f\u00fcr Deutsche Meisterschaften einWettbewerbe geplant f\u00fcr 28. Juli bis 1. August 2021 \/ CTIF-Olympiade auf 2022 verschoben \u00ad \u00ad \u00ad [&hellip;]<\/p>\n","protected":false},"author":95,"featured_media":2708,"comment_status":"closed","ping_status":"closed","sticky":false,"template":"","format":"standard","meta":{"_bbp_topic_count":0,"_bbp_reply_count":0,"_bbp_total_topic_count":0,"_bbp_total_reply_count":0,"_bbp_voice_count":0,"_bbp_anonymous_reply_count":0,"_bbp_topic_count_hidden":0,"_bbp_reply_count_hidden":0,"_bbp_forum_subforum_count":0,"footnotes":""},"categories":[50],"tags":[],"class_list":["post-4235","post","type-post","status-publish","format-standard","has-post-thumbnail","hentry","category-archiv"],"_links":{"self":[{"href":"https:\/\/www.feuerwehrverband-saarbruecken.de\/index.php?rest_route=\/wp\/v2\/posts\/4235","targetHints":{"allow":["GET"]}}],"collection":[{"href":"https:\/\/www.feuerwehrverband-saarbruecken.de\/index.php?rest_route=\/wp\/v2\/posts"}],"about":[{"href":"https:\/\/www.feuerwehrverband-saarbruecken.de\/index.php?rest_route=\/wp\/v2\/types\/post"}],"author":[{"embeddable":true,"href":"https:\/\/www.feuerwehrverband-saarbruecken.de\/index.php?rest_route=\/wp\/v2\/users\/95"}],"replies":[{"embeddable":true,"href":"https:\/\/www.feuerwehrverband-saarbruecken.de\/index.php?rest_route=%2Fwp%2Fv2%2Fcomments&post=4235"}],"version-history":[{"count":1,"href":"https:\/\/www.feuerwehrverband-saarbruecken.de\/index.php?rest_route=\/wp\/v2\/posts\/4235\/revisions"}],"predecessor-version":[{"id":4236,"href":"https:\/\/www.feuerwehrverband-saarbruecken.de\/index.php?rest_route=\/wp\/v2\/posts\/4235\/revisions\/4236"}],"wp:featuredmedia":[{"embeddable":true,"href":"https:\/\/www.feuerwehrverband-saarbruecken.de\/index.php?rest_route=\/wp\/v2\/media\/2708"}],"wp:attachment":[{"href":"https:\/\/www.feuerwehrverband-saarbruecken.de\/index.php?rest_route=%2Fwp%2Fv2%2Fmedia&parent=4235"}],"wp:term":[{"taxonomy":"category","embeddable":true,"href":"https:\/\/www.feuerwehrverband-saarbruecken.de\/index.php?rest_route=%2Fwp%2Fv2%2Fcategories&post=4235"},{"taxonomy":"post_tag","embeddable":true,"href":"https:\/\/www.feuerwehrverband-saarbruecken.de\/index.php?rest_route=%2Fwp%2Fv2%2Ftags&post=4235"}],"curies":[{"name":"wp","href":"https:\/\/api.w.org\/{rel}","templated":true}]}}