{"id":4214,"date":"2020-06-23T05:37:19","date_gmt":"2020-06-23T05:37:19","guid":{"rendered":"http:\/\/www.feuerwehrverband-saarbruecken.de\/?p=4214"},"modified":"2020-08-04T09:15:58","modified_gmt":"2020-08-04T09:15:58","slug":"das-ehrenamt","status":"publish","type":"post","link":"https:\/\/www.feuerwehrverband-saarbruecken.de\/?p=4214","title":{"rendered":"Das Ehrenamt"},"content":{"rendered":"\n<figure class=\"wp-block-table\"><table><tbody><tr><td>Besuchen Sie hier die <a href=\"https:\/\/smoton.com\/f9ocy15z-lix4defp-n0uy40dv-ijf\">Webversion<\/a>.<\/td><\/tr><tr><td><img decoding=\"async\" style=\"width: 900px;\" src=\"http:\/\/smoton.com\/l3slzozn\/s_f9ocy15z\/files\/Flammenbild_klein.jpg\"><\/td><\/tr><tr><td>\u00ad \u00ad \u00ad \u00ad \u00ad<br>Informationen des DEUTSCHEN FEUERWEHRVERBANDES \u00ad \u00ad <a href=\"https:\/\/smoton.com\/f9ocy15z-lix4defp-puh9uo9e-jd5\"><\/a> \u00ad \u00ad \u00ad \u00ad \u00ad<\/td><\/tr><tr><td>\u00ad Pressemitteilung Nr. 28\/2020 vom 25. Juni 2020<\/td><\/tr><tr><td>\u00ad \u00ad \u00ad \u00ad Feuerwehren leisten ehrenamtlich enormes Engagement<br>Deutscher Feuerwehrverband und Deutsche Jugendfeuerwehr begr\u00fc\u00dfen Gr\u00fcndung der Ehrenamtsstiftung \u00ad<\/td><\/tr><tr><td>\u00ad \u00ad \u00ad \u00ad <strong>Berlin <\/strong>\u2013 Der Deutsche Feuerwehrverband (DFV) und die Deutsche Jugendfeuerwehr (DJF) begr\u00fc\u00dfen die Gr\u00fcndung der Deutschen Stiftung f\u00fcr Engagement und Ehrenamt. Die Stiftung ist ein gemeinsames Vorhaben des Bundesministeriums f\u00fcr Familie, Senioren, Frauen und Jugend (BMFSFJ), des Bundesministeriums des Innern, f\u00fcr Bau und Heimat (BMI) sowie des Bundesministeriums f\u00fcr Ern\u00e4hrung und Landwirtschaft (BMEL). Sie ist ein zentrales Ergebnis der Kommission \u201eGleichwertige Lebensverh\u00e4ltnisse\u201c und soll insbesondere in strukturschwachen und l\u00e4ndlichen Regionen Engagement sinnvoll und nachhaltig unterst\u00fctzen.<br>&nbsp;<br>\u201eIn Deutschland sind mehr als 1,25 Millionen Menschen ehrenamtlich in der Feuerwehr aktiv. Sie gew\u00e4hrleisten mit dem fl\u00e4chendeckenden Brand- und Katastrophenschutz die \u00f6ffentliche Sicherheit \u2013 24 Stunden am Tag, sieben Tage die Woche\u201c, erkl\u00e4rt DFV-Vizepr\u00e4sident Hermann Schreck. \u201eDer ehrenamtliche Dienst in Organisationen mit Sicherheitsaufgaben wie der Feuerwehr ist ein unersetztlicher Teil der Daseinsf\u00fcrsorge und hat einen eigenen Charakter. Nicht erst in Zeiten von Corona geht mit dem Einsatz auch eine m\u00f6gliche Gef\u00e4hrdung f\u00fcr Leib und Leben der Ehrenamtlichen einher\u201c, erg\u00e4nzt er. Zudem sind Feuerwehren als Kulturtr\u00e4ger fest vor Ort verwurzelt und durch ihre Strukturen eine wichtige St\u00fctze f\u00fcr die demokratische Struktur unserer Gesellschaft.<br>&nbsp;<br>Die Freiwilligen Feuerwehren \u00fcbernehmen nicht nur wichtige Aufgaben in der Gefahrenabwehr: Durch die Nachwuchsarbeit in Kindergruppen und Jugendfeuerwehren leisten sie einen unverzichtbaren Dienst f\u00fcr den Erhalt des weltweit vorbildlichen Feuerwehrwesens. \u201eDie \u00fcber 80.000 Jugendleiterinnen und Jugendleiter bringen zus\u00e4tzlich zu Eins\u00e4tzen und \u00dcbungsdiensten in den Feuerwehren enorm viel Zeit in die inhaltliche Arbeit mit Kindern und Jugendlichen ein\u201c, erkl\u00e4rt Bundesjugendleiter Christian Patzelt. \u201eSie engagieren sich so in der Institution Feuerwehr in mehreren ehrenamtlichen Rollen. Das ist ein Einsatz, der sichtbar sein und deutlich wertgesch\u00e4tzt werden muss.\u201c<br>&nbsp;<br>Bundesinnenminister Horst Seehofer und Bundeslandwirtschaftsministerin Julia Kl\u00f6ckner w\u00fcrdigten anl\u00e4sslich des Gr\u00fcndungsfestaktes explizit auch das Engagement der Freiwilligen Feuerwehren \u2013 unter anderem im l\u00e4ndlichen Raum.<br>&nbsp;<br>Die Aufgaben der Stiftung sind nach Angaben der Bundesregierung vielf\u00e4ltig: \u201eEin Schwerpunktthema der Stiftungsarbeit wird die Digitalisierung sein. Zudem wird sie die Informationsangebote b\u00fcndeln, damit engagierte B\u00fcrgerinnen und B\u00fcrger gute und erprobte Konzepte schnell und unkompliziert einsetzen k\u00f6nnen. Die Stiftung wird dar\u00fcber hinaus auch bei der Nachwuchsgewinnung unterst\u00fctzen und Fortbildung anbieten. Ab 2021 sind finanzielle Mittel in H\u00f6he von bis zu 30 Millionen j\u00e4hrlich f\u00fcr die Stiftung vorgesehen.\u201c \u00ad \u00ad \u00ad \u00ad<\/td><\/tr><tr><td>\u00ad <em>Pressekontakt: Silvia Darmst\u00e4dter, Telefon (030) 28 88 48 8-23, E-Mail darmstaedter@dfv.org,<br>Twitter @FeuerwehrDFV, www.facebook.com\/112willkommen<br>Alle DFV-Presseinformationen finden Sie unter www.feuerwehrverband.de\/aktuelles.<br><br>Impressum: Deutscher Feuerwehrverband e.V. \u2013 Reinhardtstra\u00dfe 25 \u2013 10117 Berlin<\/em><br><a href=\"https:\/\/smoton.com\/f9ocy15z-lix4defp-sncs260z-ljy\"><em>Newsletter abbestellen<\/em><\/a><\/td><\/tr><\/tbody><\/table><\/figure>\n","protected":false},"excerpt":{"rendered":"<p>Besuchen Sie hier die Webversion. \u00ad \u00ad \u00ad \u00ad \u00adInformationen des DEUTSCHEN FEUERWEHRVERBANDES \u00ad \u00ad \u00ad \u00ad \u00ad \u00ad \u00ad \u00ad Pressemitteilung Nr. 28\/2020 vom 25. Juni 2020 \u00ad \u00ad \u00ad \u00ad Feuerwehren leisten ehrenamtlich enormes EngagementDeutscher Feuerwehrverband und Deutsche Jugendfeuerwehr begr\u00fc\u00dfen Gr\u00fcndung der Ehrenamtsstiftung \u00ad \u00ad \u00ad \u00ad \u00ad Berlin \u2013 Der Deutsche Feuerwehrverband [&hellip;]<\/p>\n","protected":false},"author":95,"featured_media":2708,"comment_status":"closed","ping_status":"closed","sticky":false,"template":"","format":"standard","meta":{"_bbp_topic_count":0,"_bbp_reply_count":0,"_bbp_total_topic_count":0,"_bbp_total_reply_count":0,"_bbp_voice_count":0,"_bbp_anonymous_reply_count":0,"_bbp_topic_count_hidden":0,"_bbp_reply_count_hidden":0,"_bbp_forum_subforum_count":0,"footnotes":""},"categories":[50],"tags":[],"class_list":["post-4214","post","type-post","status-publish","format-standard","has-post-thumbnail","hentry","category-archiv"],"_links":{"self":[{"href":"https:\/\/www.feuerwehrverband-saarbruecken.de\/index.php?rest_route=\/wp\/v2\/posts\/4214","targetHints":{"allow":["GET"]}}],"collection":[{"href":"https:\/\/www.feuerwehrverband-saarbruecken.de\/index.php?rest_route=\/wp\/v2\/posts"}],"about":[{"href":"https:\/\/www.feuerwehrverband-saarbruecken.de\/index.php?rest_route=\/wp\/v2\/types\/post"}],"author":[{"embeddable":true,"href":"https:\/\/www.feuerwehrverband-saarbruecken.de\/index.php?rest_route=\/wp\/v2\/users\/95"}],"replies":[{"embeddable":true,"href":"https:\/\/www.feuerwehrverband-saarbruecken.de\/index.php?rest_route=%2Fwp%2Fv2%2Fcomments&post=4214"}],"version-history":[{"count":1,"href":"https:\/\/www.feuerwehrverband-saarbruecken.de\/index.php?rest_route=\/wp\/v2\/posts\/4214\/revisions"}],"predecessor-version":[{"id":4215,"href":"https:\/\/www.feuerwehrverband-saarbruecken.de\/index.php?rest_route=\/wp\/v2\/posts\/4214\/revisions\/4215"}],"wp:featuredmedia":[{"embeddable":true,"href":"https:\/\/www.feuerwehrverband-saarbruecken.de\/index.php?rest_route=\/wp\/v2\/media\/2708"}],"wp:attachment":[{"href":"https:\/\/www.feuerwehrverband-saarbruecken.de\/index.php?rest_route=%2Fwp%2Fv2%2Fmedia&parent=4214"}],"wp:term":[{"taxonomy":"category","embeddable":true,"href":"https:\/\/www.feuerwehrverband-saarbruecken.de\/index.php?rest_route=%2Fwp%2Fv2%2Fcategories&post=4214"},{"taxonomy":"post_tag","embeddable":true,"href":"https:\/\/www.feuerwehrverband-saarbruecken.de\/index.php?rest_route=%2Fwp%2Fv2%2Ftags&post=4214"}],"curies":[{"name":"wp","href":"https:\/\/api.w.org\/{rel}","templated":true}]}}