{"id":4089,"date":"2020-06-14T08:41:02","date_gmt":"2020-06-14T08:41:02","guid":{"rendered":"http:\/\/www.feuerwehrverband-saarbruecken.de\/?p=4089"},"modified":"2020-07-06T16:24:37","modified_gmt":"2020-07-06T16:24:37","slug":"dfv-kommunikation-geht-neue-wege","status":"publish","type":"post","link":"https:\/\/www.feuerwehrverband-saarbruecken.de\/?p=4089","title":{"rendered":"DFV-Kommunikation geht neue Wege"},"content":{"rendered":"\n<p>Der Deutsche Feuerwehrverband startet in der kommenden Woche mit seiner neuen Webseite. Der Internetauftritt www.feuerwehrverband.de ist komplett neu \u00fcberarbeitet worden: In kompakter und zeitgem\u00e4\u00dfer Gestaltung ist er vom Desktop-Rechner wie auch mobil problemlos zu nutzen. Die Webseite bietet zahlreiche Informationen zum Verband und seiner Arbeit und stellt mit den Dokumenten aus der Facharbeit ein lebendiges Archiv dar.<\/p>\n\n\n\n<p>In der Rubrik \u201eAktuelles\u201c finden die Besucherinnen und Besucher neue Informationen aus der Pressearbeit, von Fachbereichssitzungen, DFV-Veranstaltungen und aus der allt\u00e4glichen Verbandsarbeit. Diese Rubrik l\u00e4sst sich nach Start der Webseite als RSS-Feed unter https:\/\/feuerwehrverband.de\/aktuelles\/feed\/ abonnieren (zum Eintragen in E-Mail-Programm und Feedreader).<\/p>\n\n\n\n<p>Im Zuge des Neustarts stellt der DFV seinen Newsletter um: Sie k\u00f6nnen uns \u00fcber die Internetseite www.feuerwehrverband.de folgen, in den Sozialen Medien auf Twitter (@FeuerwehrDFV) und Facebook (www.facebook.de\/112willkommen) abonnieren oder auch die k\u00fcnftigen DFV-Informationen (ehemals DFV-Pressedienst) in einer engeren Taktung erhalten. Auch im Newsportal der deutschen Presseagentur dpa sind wir pr\u00e4sent; unter https:\/\/www.presseportal.de\/abo\/ k\u00f6nnen Sie hier kostenfrei die aktuellsten Pressemitteilungen von zahlreichen Institutionen aus dem Blaulicht-Bereich abonnieren. Der Deutsche Feuerwehrverband ist hier direkt unter https:\/\/www.presseportal.de\/nr\/50093 erreichbar.<\/p>\n\n\n\n<p>Bitte beachten Sie: Aufgrund datenschutzrechtlicher Gr\u00fcnde k\u00f6nnen wir Ihr Abonnement des DFV-Newsletters nicht \u00fcbernehmen. Unter www.feuerwehrverband.de\/informieren\/ k\u00f6nnen Sie sich f\u00fcr die DFV-Informationen anmelden. Hierbei wird das datensichere DoubleOpt-In-Verfahren genutzt.<\/p>\n","protected":false},"excerpt":{"rendered":"<p>Der Deutsche Feuerwehrverband startet in der kommenden Woche mit seiner neuen Webseite. Der Internetauftritt www.feuerwehrverband.de ist komplett neu \u00fcberarbeitet worden: In kompakter und zeitgem\u00e4\u00dfer Gestaltung ist er vom Desktop-Rechner wie auch mobil problemlos zu nutzen. Die Webseite bietet zahlreiche Informationen zum Verband und seiner Arbeit und stellt mit den Dokumenten aus der Facharbeit ein lebendiges [&hellip;]<\/p>\n","protected":false},"author":2,"featured_media":2708,"comment_status":"closed","ping_status":"closed","sticky":false,"template":"","format":"standard","meta":{"_bbp_topic_count":0,"_bbp_reply_count":0,"_bbp_total_topic_count":0,"_bbp_total_reply_count":0,"_bbp_voice_count":0,"_bbp_anonymous_reply_count":0,"_bbp_topic_count_hidden":0,"_bbp_reply_count_hidden":0,"_bbp_forum_subforum_count":0,"footnotes":""},"categories":[50],"tags":[],"class_list":["post-4089","post","type-post","status-publish","format-standard","has-post-thumbnail","hentry","category-archiv"],"_links":{"self":[{"href":"https:\/\/www.feuerwehrverband-saarbruecken.de\/index.php?rest_route=\/wp\/v2\/posts\/4089","targetHints":{"allow":["GET"]}}],"collection":[{"href":"https:\/\/www.feuerwehrverband-saarbruecken.de\/index.php?rest_route=\/wp\/v2\/posts"}],"about":[{"href":"https:\/\/www.feuerwehrverband-saarbruecken.de\/index.php?rest_route=\/wp\/v2\/types\/post"}],"author":[{"embeddable":true,"href":"https:\/\/www.feuerwehrverband-saarbruecken.de\/index.php?rest_route=\/wp\/v2\/users\/2"}],"replies":[{"embeddable":true,"href":"https:\/\/www.feuerwehrverband-saarbruecken.de\/index.php?rest_route=%2Fwp%2Fv2%2Fcomments&post=4089"}],"version-history":[{"count":1,"href":"https:\/\/www.feuerwehrverband-saarbruecken.de\/index.php?rest_route=\/wp\/v2\/posts\/4089\/revisions"}],"predecessor-version":[{"id":4090,"href":"https:\/\/www.feuerwehrverband-saarbruecken.de\/index.php?rest_route=\/wp\/v2\/posts\/4089\/revisions\/4090"}],"wp:featuredmedia":[{"embeddable":true,"href":"https:\/\/www.feuerwehrverband-saarbruecken.de\/index.php?rest_route=\/wp\/v2\/media\/2708"}],"wp:attachment":[{"href":"https:\/\/www.feuerwehrverband-saarbruecken.de\/index.php?rest_route=%2Fwp%2Fv2%2Fmedia&parent=4089"}],"wp:term":[{"taxonomy":"category","embeddable":true,"href":"https:\/\/www.feuerwehrverband-saarbruecken.de\/index.php?rest_route=%2Fwp%2Fv2%2Fcategories&post=4089"},{"taxonomy":"post_tag","embeddable":true,"href":"https:\/\/www.feuerwehrverband-saarbruecken.de\/index.php?rest_route=%2Fwp%2Fv2%2Ftags&post=4089"}],"curies":[{"name":"wp","href":"https:\/\/api.w.org\/{rel}","templated":true}]}}