{"id":4072,"date":"2020-05-20T04:13:14","date_gmt":"2020-05-20T04:13:14","guid":{"rendered":"http:\/\/www.feuerwehrverband-saarbruecken.de\/?p=4072"},"modified":"2020-07-02T17:07:05","modified_gmt":"2020-07-02T17:07:05","slug":"covid-19-feuerwehr-als-stuetze-der-gesellschaft","status":"publish","type":"post","link":"https:\/\/www.feuerwehrverband-saarbruecken.de\/?p=4072","title":{"rendered":"COVID-19: Feuerwehr als St\u00fctze der Gesellschaft"},"content":{"rendered":"\n<p>Ma\u00dfnahmen zur fl\u00e4chendeckenden Sicherstellung des Grundschutzes entwickelt<\/p>\n\n\n\n<p>Berlin \u2013 Sie stehen weiter jederzeit rund um die Uhr jederzeit f\u00fcr ihre Mitmenschen bereit, um sofort in auftretenden Notf\u00e4llen zu helfen: Die mehr als eine Million Feuerwehrleute in Deutschland! Die weitaus meisten von ihnen sind \u201eganz nebenher\u201c als Ehrenamtliche aktiv \u2013 neben den aktuell auch pers\u00f6nlichen Schwierigkeiten f\u00fcr Beruf und Familie, in die sie die aktuelle Corona-Krise vielfach gebracht hat. Damit sind die Feuerwehrangeh\u00f6rigen nicht einfach nur nette Helfer von nebenan: \u201eMit ihrem Beispiel leben sie das Modell von gegenseitiger Solidarit\u00e4t in besonderer Weise. Jetzt zeigt sich einmal mehr, dass die Feuerwehren nicht nur einfach eine Sicherheits-Organisation sind!\u201c, macht der Deutsche Feuerwehrverband (DFV) auf das zumeist stille Wirken der Feuerwehren aufmerksam.Der Deutsche Feuerwehrverband bedankt sich daher daf\u00fcr, dass die Feuerwehren auch weiter zuverl\u00e4ssig und ohne besondere Aufmerksamkeit \u201eeinfach und ohne viel Aufhebens immer da\u201c sind. \u201eEine gro\u00dfartige Leistung unserer Feuerwehren, die damit eine ma\u00dfgebliche St\u00fctze unserer Gesellschaft sind\u201c, so der DFV. Viele Feuerwehrleute engagieren sich auch zus\u00e4tzlich, um Menschen in der aktuellen Krise etwa in der Versorgung oder Betreuung zu helfen, oder leisten seit Wochen Amtshilfe bei Ma\u00dfnahmen der Beh\u00f6rden \u2013 \u201edabei m\u00fcssen sie besonders sorgf\u00e4ltig auf Infektionsgefahren achten\u201c, weist DFV-Vizepr\u00e4sident Lars Oschmann auf eine besondere Belastung hin, \u201edenn bei einer Infektion mit Corona kann unter Umst\u00e4nden nicht blo\u00df die jeweilige Einzelperson f\u00fcr den Feuerwehrdienst ausfallen, sondern gegebenenfalls eine ganze Einheit, die mit ihm zuvor in Ber\u00fchrung war.\u201c Daher haben die Feuerwehren umfangreiche Ma\u00dfnahmen, je f\u00fcr die spezielle Situation in ihren jeweiligen Gemeinden, <br>entwickelt, wie sie diesem Problem begegnen und den Grundschutz f\u00fcr die Bev\u00f6lkerung fl\u00e4chendeckend aufrechterhalten k\u00f6nnen. \u201eDas alles geschieht zus\u00e4tzlich zum normalen Betrieb und zu ihren normalen Belastungen, die in ihrem Fall nicht verringert sind, sondern verst\u00e4rkt wurden. Denn das bedeutet zum Teil eine Trennung von den Familien und Freunden und zus\u00e4tzliche Belastungen, verbunden mit der Anforderung, weiter jederzeit schnell verf\u00fcgbar zu sein.\u201c<\/p>\n\n\n\n<p>Pressekontakt: Silvia Darmst\u00e4dter, Telefon (0170) 47 56 672, E-Mail darmstaedter@dfv.org, Twitter @FeuerwehrDFV, www.facebook.com\/112willkommen Alle DFV-Presseinformationen finden Sie unter www.feuerwehrverband.de\/presse.<\/p>\n","protected":false},"excerpt":{"rendered":"<p>Ma\u00dfnahmen zur fl\u00e4chendeckenden Sicherstellung des Grundschutzes entwickelt Berlin \u2013 Sie stehen weiter jederzeit rund um die Uhr jederzeit f\u00fcr ihre Mitmenschen bereit, um sofort in auftretenden Notf\u00e4llen zu helfen: Die mehr als eine Million Feuerwehrleute in Deutschland! Die weitaus meisten von ihnen sind \u201eganz nebenher\u201c als Ehrenamtliche aktiv \u2013 neben den aktuell auch pers\u00f6nlichen Schwierigkeiten [&hellip;]<\/p>\n","protected":false},"author":2,"featured_media":2708,"comment_status":"closed","ping_status":"closed","sticky":false,"template":"","format":"standard","meta":{"_bbp_topic_count":0,"_bbp_reply_count":0,"_bbp_total_topic_count":0,"_bbp_total_reply_count":0,"_bbp_voice_count":0,"_bbp_anonymous_reply_count":0,"_bbp_topic_count_hidden":0,"_bbp_reply_count_hidden":0,"_bbp_forum_subforum_count":0,"footnotes":""},"categories":[50],"tags":[],"class_list":["post-4072","post","type-post","status-publish","format-standard","has-post-thumbnail","hentry","category-archiv"],"_links":{"self":[{"href":"https:\/\/www.feuerwehrverband-saarbruecken.de\/index.php?rest_route=\/wp\/v2\/posts\/4072","targetHints":{"allow":["GET"]}}],"collection":[{"href":"https:\/\/www.feuerwehrverband-saarbruecken.de\/index.php?rest_route=\/wp\/v2\/posts"}],"about":[{"href":"https:\/\/www.feuerwehrverband-saarbruecken.de\/index.php?rest_route=\/wp\/v2\/types\/post"}],"author":[{"embeddable":true,"href":"https:\/\/www.feuerwehrverband-saarbruecken.de\/index.php?rest_route=\/wp\/v2\/users\/2"}],"replies":[{"embeddable":true,"href":"https:\/\/www.feuerwehrverband-saarbruecken.de\/index.php?rest_route=%2Fwp%2Fv2%2Fcomments&post=4072"}],"version-history":[{"count":1,"href":"https:\/\/www.feuerwehrverband-saarbruecken.de\/index.php?rest_route=\/wp\/v2\/posts\/4072\/revisions"}],"predecessor-version":[{"id":4073,"href":"https:\/\/www.feuerwehrverband-saarbruecken.de\/index.php?rest_route=\/wp\/v2\/posts\/4072\/revisions\/4073"}],"wp:featuredmedia":[{"embeddable":true,"href":"https:\/\/www.feuerwehrverband-saarbruecken.de\/index.php?rest_route=\/wp\/v2\/media\/2708"}],"wp:attachment":[{"href":"https:\/\/www.feuerwehrverband-saarbruecken.de\/index.php?rest_route=%2Fwp%2Fv2%2Fmedia&parent=4072"}],"wp:term":[{"taxonomy":"category","embeddable":true,"href":"https:\/\/www.feuerwehrverband-saarbruecken.de\/index.php?rest_route=%2Fwp%2Fv2%2Fcategories&post=4072"},{"taxonomy":"post_tag","embeddable":true,"href":"https:\/\/www.feuerwehrverband-saarbruecken.de\/index.php?rest_route=%2Fwp%2Fv2%2Ftags&post=4072"}],"curies":[{"name":"wp","href":"https:\/\/api.w.org\/{rel}","templated":true}]}}