{"id":3411,"date":"2019-12-14T21:24:21","date_gmt":"2019-12-14T21:24:21","guid":{"rendered":"http:\/\/www.feuerwehrverband-saarbruecken.de\/?p=3411"},"modified":"2020-01-19T19:23:56","modified_gmt":"2020-01-19T19:23:56","slug":"brandschutzerziehung-2","status":"publish","type":"post","link":"https:\/\/www.feuerwehrverband-saarbruecken.de\/?p=3411","title":{"rendered":"Brandschutzerziehung"},"content":{"rendered":"\n<h2 class=\"has-text-align-center wp-block-heading\"><strong><a href=\"https:\/\/lfv-saarland.de\/events\/fa\/brandschutz\/\">Termine beim Landesfeuerwehrverband  <\/a><\/strong><\/h2>\n\n\n\n<p class=\"has-text-align-center\"><em><strong>Die Seminare f\u00fcr Brandschutzerziehung werden durch den Landesfeuerwehrverband angeboten. Einen Link f\u00fchrt sie zu der \u00dcbersich<\/strong><\/em>t<\/p>\n\n\n\n<div class=\"wp-block-image\"><figure class=\"aligncenter size-large is-resized\"><img loading=\"lazy\" decoding=\"async\" src=\"https:\/\/www.feuerwehrverband-saarbruecken.de\/wp-content\/uploads\/2019\/08\/Brandschutzerziehungskoffer.jpg\" alt=\"\" class=\"wp-image-705\" width=\"373\" height=\"382\" srcset=\"https:\/\/www.feuerwehrverband-saarbruecken.de\/wp-content\/uploads\/2019\/08\/Brandschutzerziehungskoffer.jpg 696w, https:\/\/www.feuerwehrverband-saarbruecken.de\/wp-content\/uploads\/2019\/08\/Brandschutzerziehungskoffer-293x300.jpg 293w\" sizes=\"auto, (max-width: 373px) 100vw, 373px\" \/><figcaption><a href=\"https:\/\/lfv-saarland.de\/events\/fa\/brandschutz\/\">https:\/\/lfv-saarland.de\/events\/fa\/brandschutz\/<\/a><\/figcaption><\/figure><\/div>\n\n\n\n<p><\/p>\n","protected":false},"excerpt":{"rendered":"<p>Termine beim Landesfeuerwehrverband Die Seminare f\u00fcr Brandschutzerziehung werden durch den Landesfeuerwehrverband angeboten. Einen Link f\u00fchrt sie zu der \u00dcbersicht<\/p>\n","protected":false},"author":2,"featured_media":1682,"comment_status":"open","ping_status":"closed","sticky":false,"template":"","format":"standard","meta":{"_bbp_topic_count":0,"_bbp_reply_count":0,"_bbp_total_topic_count":0,"_bbp_total_reply_count":0,"_bbp_voice_count":0,"_bbp_anonymous_reply_count":0,"_bbp_topic_count_hidden":0,"_bbp_reply_count_hidden":0,"_bbp_forum_subforum_count":0,"footnotes":""},"categories":[19],"tags":[],"class_list":["post-3411","post","type-post","status-publish","format-standard","has-post-thumbnail","hentry","category-seminar-und-schulungstermine"],"_links":{"self":[{"href":"https:\/\/www.feuerwehrverband-saarbruecken.de\/index.php?rest_route=\/wp\/v2\/posts\/3411","targetHints":{"allow":["GET"]}}],"collection":[{"href":"https:\/\/www.feuerwehrverband-saarbruecken.de\/index.php?rest_route=\/wp\/v2\/posts"}],"about":[{"href":"https:\/\/www.feuerwehrverband-saarbruecken.de\/index.php?rest_route=\/wp\/v2\/types\/post"}],"author":[{"embeddable":true,"href":"https:\/\/www.feuerwehrverband-saarbruecken.de\/index.php?rest_route=\/wp\/v2\/users\/2"}],"replies":[{"embeddable":true,"href":"https:\/\/www.feuerwehrverband-saarbruecken.de\/index.php?rest_route=%2Fwp%2Fv2%2Fcomments&post=3411"}],"version-history":[{"count":4,"href":"https:\/\/www.feuerwehrverband-saarbruecken.de\/index.php?rest_route=\/wp\/v2\/posts\/3411\/revisions"}],"predecessor-version":[{"id":3599,"href":"https:\/\/www.feuerwehrverband-saarbruecken.de\/index.php?rest_route=\/wp\/v2\/posts\/3411\/revisions\/3599"}],"wp:featuredmedia":[{"embeddable":true,"href":"https:\/\/www.feuerwehrverband-saarbruecken.de\/index.php?rest_route=\/wp\/v2\/media\/1682"}],"wp:attachment":[{"href":"https:\/\/www.feuerwehrverband-saarbruecken.de\/index.php?rest_route=%2Fwp%2Fv2%2Fmedia&parent=3411"}],"wp:term":[{"taxonomy":"category","embeddable":true,"href":"https:\/\/www.feuerwehrverband-saarbruecken.de\/index.php?rest_route=%2Fwp%2Fv2%2Fcategories&post=3411"},{"taxonomy":"post_tag","embeddable":true,"href":"https:\/\/www.feuerwehrverband-saarbruecken.de\/index.php?rest_route=%2Fwp%2Fv2%2Ftags&post=3411"}],"curies":[{"name":"wp","href":"https:\/\/api.w.org\/{rel}","templated":true}]}}