{"id":3257,"date":"2019-12-01T17:04:18","date_gmt":"2019-12-01T17:04:18","guid":{"rendered":"http:\/\/www.feuerwehrverband-saarbruecken.de\/?p=3257"},"modified":"2019-12-01T17:19:41","modified_gmt":"2019-12-01T17:19:41","slug":"tueroeffnungsseminar-bei-der-feuerwehr-grossrosseln","status":"publish","type":"post","link":"https:\/\/www.feuerwehrverband-saarbruecken.de\/?p=3257","title":{"rendered":"T\u00fcr\u00f6ffnungsseminar bei der Feuerwehr Gro\u00dfrossel"},"content":{"rendered":"\n<p>Am Samstag, 30.11.2019 wurde bei der Feuerwehr Gro\u00dfrosseln das letzte  T\u00fcr\u00f6ffnungsseminar f\u00fcr das Jahr 2019 durchgef\u00fchrt. Im Januar werden die neuen Termine f\u00fcr 2020  ver\u00f6ffentlicht. <\/p>\n\n\n\n<p><\/p>\n\n\n\n<figure class=\"wp-block-gallery columns-3 is-cropped wp-block-gallery-1 is-layout-flex wp-block-gallery-is-layout-flex\"><ul class=\"blocks-gallery-grid\"><li class=\"blocks-gallery-item\"><figure><img loading=\"lazy\" decoding=\"async\" width=\"1024\" height=\"768\" src=\"https:\/\/www.feuerwehrverband-saarbruecken.de\/wp-content\/uploads\/2019\/12\/Bild009-1024x768.jpg\" alt=\"\" data-id=\"3267\" data-full-url=\"https:\/\/www.feuerwehrverband-saarbruecken.de\/wp-content\/uploads\/2019\/12\/Bild009.jpg\" data-link=\"https:\/\/www.feuerwehrverband-saarbruecken.de\/?attachment_id=3267\" class=\"wp-image-3267\" srcset=\"https:\/\/www.feuerwehrverband-saarbruecken.de\/wp-content\/uploads\/2019\/12\/Bild009-1024x768.jpg 1024w, https:\/\/www.feuerwehrverband-saarbruecken.de\/wp-content\/uploads\/2019\/12\/Bild009-250x188.jpg 250w, https:\/\/www.feuerwehrverband-saarbruecken.de\/wp-content\/uploads\/2019\/12\/Bild009-768x576.jpg 768w, https:\/\/www.feuerwehrverband-saarbruecken.de\/wp-content\/uploads\/2019\/12\/Bild009-1536x1152.jpg 1536w, https:\/\/www.feuerwehrverband-saarbruecken.de\/wp-content\/uploads\/2019\/12\/Bild009.jpg 1600w\" sizes=\"auto, (max-width: 1024px) 100vw, 1024px\" \/><\/figure><\/li><li class=\"blocks-gallery-item\"><figure><img loading=\"lazy\" decoding=\"async\" width=\"768\" height=\"1024\" src=\"https:\/\/www.feuerwehrverband-saarbruecken.de\/wp-content\/uploads\/2019\/12\/Bild008-768x1024.jpg\" alt=\"\" data-id=\"3266\" data-full-url=\"https:\/\/www.feuerwehrverband-saarbruecken.de\/wp-content\/uploads\/2019\/12\/Bild008.jpg\" data-link=\"https:\/\/www.feuerwehrverband-saarbruecken.de\/?attachment_id=3266\" class=\"wp-image-3266\" srcset=\"https:\/\/www.feuerwehrverband-saarbruecken.de\/wp-content\/uploads\/2019\/12\/Bild008-768x1024.jpg 768w, https:\/\/www.feuerwehrverband-saarbruecken.de\/wp-content\/uploads\/2019\/12\/Bild008-188x250.jpg 188w, https:\/\/www.feuerwehrverband-saarbruecken.de\/wp-content\/uploads\/2019\/12\/Bild008-1152x1536.jpg 1152w, https:\/\/www.feuerwehrverband-saarbruecken.de\/wp-content\/uploads\/2019\/12\/Bild008.jpg 1200w\" sizes=\"auto, (max-width: 768px) 100vw, 768px\" \/><\/figure><\/li><li class=\"blocks-gallery-item\"><figure><img loading=\"lazy\" decoding=\"async\" width=\"768\" height=\"1024\" src=\"https:\/\/www.feuerwehrverband-saarbruecken.de\/wp-content\/uploads\/2019\/12\/Bild007-768x1024.jpg\" alt=\"\" data-id=\"3265\" data-full-url=\"https:\/\/www.feuerwehrverband-saarbruecken.de\/wp-content\/uploads\/2019\/12\/Bild007.jpg\" data-link=\"https:\/\/www.feuerwehrverband-saarbruecken.de\/?attachment_id=3265\" class=\"wp-image-3265\" srcset=\"https:\/\/www.feuerwehrverband-saarbruecken.de\/wp-content\/uploads\/2019\/12\/Bild007-768x1024.jpg 768w, https:\/\/www.feuerwehrverband-saarbruecken.de\/wp-content\/uploads\/2019\/12\/Bild007-188x250.jpg 188w, https:\/\/www.feuerwehrverband-saarbruecken.de\/wp-content\/uploads\/2019\/12\/Bild007-1152x1536.jpg 1152w, https:\/\/www.feuerwehrverband-saarbruecken.de\/wp-content\/uploads\/2019\/12\/Bild007.jpg 1200w\" sizes=\"auto, (max-width: 768px) 100vw, 768px\" \/><\/figure><\/li><li class=\"blocks-gallery-item\"><figure><img loading=\"lazy\" decoding=\"async\" width=\"768\" height=\"1024\" src=\"https:\/\/www.feuerwehrverband-saarbruecken.de\/wp-content\/uploads\/2019\/12\/Bild006-768x1024.jpg\" alt=\"\" data-id=\"3264\" data-full-url=\"https:\/\/www.feuerwehrverband-saarbruecken.de\/wp-content\/uploads\/2019\/12\/Bild006.jpg\" data-link=\"https:\/\/www.feuerwehrverband-saarbruecken.de\/?attachment_id=3264\" class=\"wp-image-3264\" srcset=\"https:\/\/www.feuerwehrverband-saarbruecken.de\/wp-content\/uploads\/2019\/12\/Bild006-768x1024.jpg 768w, https:\/\/www.feuerwehrverband-saarbruecken.de\/wp-content\/uploads\/2019\/12\/Bild006-188x250.jpg 188w, https:\/\/www.feuerwehrverband-saarbruecken.de\/wp-content\/uploads\/2019\/12\/Bild006-1152x1536.jpg 1152w, https:\/\/www.feuerwehrverband-saarbruecken.de\/wp-content\/uploads\/2019\/12\/Bild006.jpg 1200w\" sizes=\"auto, (max-width: 768px) 100vw, 768px\" \/><\/figure><\/li><li class=\"blocks-gallery-item\"><figure><img loading=\"lazy\" decoding=\"async\" width=\"768\" height=\"1024\" src=\"https:\/\/www.feuerwehrverband-saarbruecken.de\/wp-content\/uploads\/2019\/12\/Bild005-768x1024.jpg\" alt=\"\" data-id=\"3263\" data-full-url=\"https:\/\/www.feuerwehrverband-saarbruecken.de\/wp-content\/uploads\/2019\/12\/Bild005.jpg\" data-link=\"https:\/\/www.feuerwehrverband-saarbruecken.de\/?attachment_id=3263\" class=\"wp-image-3263\" srcset=\"https:\/\/www.feuerwehrverband-saarbruecken.de\/wp-content\/uploads\/2019\/12\/Bild005-768x1024.jpg 768w, https:\/\/www.feuerwehrverband-saarbruecken.de\/wp-content\/uploads\/2019\/12\/Bild005-188x250.jpg 188w, https:\/\/www.feuerwehrverband-saarbruecken.de\/wp-content\/uploads\/2019\/12\/Bild005-1152x1536.jpg 1152w, https:\/\/www.feuerwehrverband-saarbruecken.de\/wp-content\/uploads\/2019\/12\/Bild005.jpg 1200w\" sizes=\"auto, (max-width: 768px) 100vw, 768px\" \/><\/figure><\/li><li class=\"blocks-gallery-item\"><figure><img loading=\"lazy\" decoding=\"async\" width=\"768\" height=\"1024\" src=\"https:\/\/www.feuerwehrverband-saarbruecken.de\/wp-content\/uploads\/2019\/12\/Bild004-768x1024.jpg\" alt=\"\" data-id=\"3262\" data-full-url=\"https:\/\/www.feuerwehrverband-saarbruecken.de\/wp-content\/uploads\/2019\/12\/Bild004.jpg\" data-link=\"https:\/\/www.feuerwehrverband-saarbruecken.de\/?attachment_id=3262\" class=\"wp-image-3262\" srcset=\"https:\/\/www.feuerwehrverband-saarbruecken.de\/wp-content\/uploads\/2019\/12\/Bild004-768x1024.jpg 768w, https:\/\/www.feuerwehrverband-saarbruecken.de\/wp-content\/uploads\/2019\/12\/Bild004-188x250.jpg 188w, https:\/\/www.feuerwehrverband-saarbruecken.de\/wp-content\/uploads\/2019\/12\/Bild004-1152x1536.jpg 1152w, https:\/\/www.feuerwehrverband-saarbruecken.de\/wp-content\/uploads\/2019\/12\/Bild004.jpg 1200w\" sizes=\"auto, (max-width: 768px) 100vw, 768px\" \/><\/figure><\/li><li class=\"blocks-gallery-item\"><figure><img loading=\"lazy\" decoding=\"async\" width=\"1024\" height=\"768\" src=\"https:\/\/www.feuerwehrverband-saarbruecken.de\/wp-content\/uploads\/2019\/12\/Bild003-1024x768.jpg\" alt=\"\" data-id=\"3261\" data-full-url=\"https:\/\/www.feuerwehrverband-saarbruecken.de\/wp-content\/uploads\/2019\/12\/Bild003.jpg\" data-link=\"https:\/\/www.feuerwehrverband-saarbruecken.de\/?attachment_id=3261\" class=\"wp-image-3261\" srcset=\"https:\/\/www.feuerwehrverband-saarbruecken.de\/wp-content\/uploads\/2019\/12\/Bild003-1024x768.jpg 1024w, https:\/\/www.feuerwehrverband-saarbruecken.de\/wp-content\/uploads\/2019\/12\/Bild003-250x188.jpg 250w, https:\/\/www.feuerwehrverband-saarbruecken.de\/wp-content\/uploads\/2019\/12\/Bild003-768x576.jpg 768w, https:\/\/www.feuerwehrverband-saarbruecken.de\/wp-content\/uploads\/2019\/12\/Bild003-1536x1152.jpg 1536w, https:\/\/www.feuerwehrverband-saarbruecken.de\/wp-content\/uploads\/2019\/12\/Bild003.jpg 1600w\" sizes=\"auto, (max-width: 1024px) 100vw, 1024px\" \/><\/figure><\/li><li class=\"blocks-gallery-item\"><figure><img loading=\"lazy\" decoding=\"async\" width=\"1024\" height=\"768\" src=\"https:\/\/www.feuerwehrverband-saarbruecken.de\/wp-content\/uploads\/2019\/12\/Bild002-1024x768.jpg\" alt=\"\" data-id=\"3260\" data-full-url=\"https:\/\/www.feuerwehrverband-saarbruecken.de\/wp-content\/uploads\/2019\/12\/Bild002.jpg\" data-link=\"https:\/\/www.feuerwehrverband-saarbruecken.de\/?attachment_id=3260\" class=\"wp-image-3260\" srcset=\"https:\/\/www.feuerwehrverband-saarbruecken.de\/wp-content\/uploads\/2019\/12\/Bild002-1024x768.jpg 1024w, https:\/\/www.feuerwehrverband-saarbruecken.de\/wp-content\/uploads\/2019\/12\/Bild002-250x188.jpg 250w, https:\/\/www.feuerwehrverband-saarbruecken.de\/wp-content\/uploads\/2019\/12\/Bild002-768x576.jpg 768w, https:\/\/www.feuerwehrverband-saarbruecken.de\/wp-content\/uploads\/2019\/12\/Bild002-1536x1152.jpg 1536w, https:\/\/www.feuerwehrverband-saarbruecken.de\/wp-content\/uploads\/2019\/12\/Bild002.jpg 1600w\" sizes=\"auto, (max-width: 1024px) 100vw, 1024px\" \/><\/figure><\/li><li class=\"blocks-gallery-item\"><figure><img loading=\"lazy\" decoding=\"async\" width=\"1024\" height=\"768\" src=\"https:\/\/www.feuerwehrverband-saarbruecken.de\/wp-content\/uploads\/2019\/12\/Bild001-1024x768.jpg\" alt=\"\" data-id=\"3259\" data-full-url=\"https:\/\/www.feuerwehrverband-saarbruecken.de\/wp-content\/uploads\/2019\/12\/Bild001.jpg\" data-link=\"https:\/\/www.feuerwehrverband-saarbruecken.de\/?attachment_id=3259\" class=\"wp-image-3259\" srcset=\"https:\/\/www.feuerwehrverband-saarbruecken.de\/wp-content\/uploads\/2019\/12\/Bild001-1024x768.jpg 1024w, https:\/\/www.feuerwehrverband-saarbruecken.de\/wp-content\/uploads\/2019\/12\/Bild001-250x188.jpg 250w, https:\/\/www.feuerwehrverband-saarbruecken.de\/wp-content\/uploads\/2019\/12\/Bild001-768x576.jpg 768w, https:\/\/www.feuerwehrverband-saarbruecken.de\/wp-content\/uploads\/2019\/12\/Bild001-1536x1152.jpg 1536w, https:\/\/www.feuerwehrverband-saarbruecken.de\/wp-content\/uploads\/2019\/12\/Bild001.jpg 1600w\" sizes=\"auto, (max-width: 1024px) 100vw, 1024px\" \/><\/figure><\/li><\/ul><\/figure>\n","protected":false},"excerpt":{"rendered":"<p>Am Samstag, 30.11.2019 wurde bei der Feuerwehr Gro\u00dfrosseln das letzte T\u00fcr\u00f6ffnungsseminar f\u00fcr das Jahr 2019 durchgef\u00fchrt. Im Januar werden die neuen Termine f\u00fcr 2020 ver\u00f6ffentlicht.<\/p>\n","protected":false},"author":2,"featured_media":1250,"comment_status":"open","ping_status":"closed","sticky":false,"template":"","format":"standard","meta":{"_bbp_topic_count":0,"_bbp_reply_count":0,"_bbp_total_topic_count":0,"_bbp_total_reply_count":0,"_bbp_voice_count":0,"_bbp_anonymous_reply_count":0,"_bbp_topic_count_hidden":0,"_bbp_reply_count_hidden":0,"_bbp_forum_subforum_count":0,"footnotes":""},"categories":[44],"tags":[],"class_list":["post-3257","post","type-post","status-publish","format-standard","has-post-thumbnail","hentry","category-bildergalerie"],"_links":{"self":[{"href":"https:\/\/www.feuerwehrverband-saarbruecken.de\/index.php?rest_route=\/wp\/v2\/posts\/3257","targetHints":{"allow":["GET"]}}],"collection":[{"href":"https:\/\/www.feuerwehrverband-saarbruecken.de\/index.php?rest_route=\/wp\/v2\/posts"}],"about":[{"href":"https:\/\/www.feuerwehrverband-saarbruecken.de\/index.php?rest_route=\/wp\/v2\/types\/post"}],"author":[{"embeddable":true,"href":"https:\/\/www.feuerwehrverband-saarbruecken.de\/index.php?rest_route=\/wp\/v2\/users\/2"}],"replies":[{"embeddable":true,"href":"https:\/\/www.feuerwehrverband-saarbruecken.de\/index.php?rest_route=%2Fwp%2Fv2%2Fcomments&post=3257"}],"version-history":[{"count":2,"href":"https:\/\/www.feuerwehrverband-saarbruecken.de\/index.php?rest_route=\/wp\/v2\/posts\/3257\/revisions"}],"predecessor-version":[{"id":3269,"href":"https:\/\/www.feuerwehrverband-saarbruecken.de\/index.php?rest_route=\/wp\/v2\/posts\/3257\/revisions\/3269"}],"wp:featuredmedia":[{"embeddable":true,"href":"https:\/\/www.feuerwehrverband-saarbruecken.de\/index.php?rest_route=\/wp\/v2\/media\/1250"}],"wp:attachment":[{"href":"https:\/\/www.feuerwehrverband-saarbruecken.de\/index.php?rest_route=%2Fwp%2Fv2%2Fmedia&parent=3257"}],"wp:term":[{"taxonomy":"category","embeddable":true,"href":"https:\/\/www.feuerwehrverband-saarbruecken.de\/index.php?rest_route=%2Fwp%2Fv2%2Fcategories&post=3257"},{"taxonomy":"post_tag","embeddable":true,"href":"https:\/\/www.feuerwehrverband-saarbruecken.de\/index.php?rest_route=%2Fwp%2Fv2%2Ftags&post=3257"}],"curies":[{"name":"wp","href":"https:\/\/api.w.org\/{rel}","templated":true}]}}