{"id":2614,"date":"2019-10-13T18:35:33","date_gmt":"2019-10-13T18:35:33","guid":{"rendered":"http:\/\/www.feuerwehrverband-saarbruecken.de\/?p=2614"},"modified":"2019-11-18T10:27:05","modified_gmt":"2019-11-18T10:27:05","slug":"datenschutzerklaerung","status":"publish","type":"post","link":"https:\/\/www.feuerwehrverband-saarbruecken.de\/?p=2614","title":{"rendered":"Datenschutzerkl\u00e4rung"},"content":{"rendered":"\n<h1 class=\"wp-block-heading\">DATENSCHUTZ<\/h1>\n\n\n\n<p><strong>Datenschutzerkl\u00e4rung<\/strong><\/p>\n\n\n\n<p>Wir freuen uns sehr \u00fcber Ihr Interesse. Datenschutz hat einen besonders\nhohen Stellenwert f\u00fcr den Feuerwehrverband f\u00fcr den Regionalverband Saarbr\u00fccken.\nEine Nutzung der Internetseiten des Feuerwehrverbands f\u00fcr den Regionalverband\nSaarbr\u00fccken ist grunds\u00e4tzlich ohne jede Angabe personenbezogener Daten m\u00f6glich.\nSofern eine betroffene Person besondere Services unseres&nbsp; \u00fcber unsere\nInternetseite in Anspruch nehmen m\u00f6chte, k\u00f6nnte jedoch eine Verarbeitung\npersonenbezogener Daten erforderlich werden. Ist die Verarbeitung\npersonenbezogener Daten erforderlich und besteht f\u00fcr eine solche Verarbeitung\nkeine gesetzliche Grundlage, holen wir generell eine Einwilligung der\nbetroffenen Person ein.<\/p>\n\n\n\n<p>Die Verarbeitung personenbezogener Daten, beispielsweise des Namens, der\nAnschrift, E-Mail-Adresse oder Telefonnummer einer betroffenen Person, erfolgt\nstets im Einklang mit der Datenschutz-Grundverordnung und in \u00dcbereinstimmung\nmit den f\u00fcr dem Feuerwehrverband f\u00fcr den Regionalverband Saarbr\u00fccken geltenden\nlandesspezifischen Datenschutzbestimmungen. Mittels dieser Datenschutzerkl\u00e4rung\nm\u00f6chten wir die \u00d6ffentlichkeit \u00fcber Art, Umfang und Zweck der von uns\nerhobenen, genutzten und verarbeiteten personenbezogenen Daten informieren.\nFerner werden betroffene Personen mittels dieser Datenschutzerkl\u00e4rung \u00fcber die\nihnen zustehenden Rechte aufgekl\u00e4rt.<\/p>\n\n\n\n<p>Der Feuerwehrverband f\u00fcr den Regionalverband Saarbr\u00fccken hat als f\u00fcr die\nVerarbeitung Verantwortlicher zahlreiche technische und organisatorische\nMa\u00dfnahmen umgesetzt, um einen m\u00f6glichst l\u00fcckenlosen Schutz der \u00fcber diese\nInternetseite verarbeiteten personenbezogenen Daten sicherzustellen. Dennoch\nk\u00f6nnen Internet basierte Daten\u00fcbertragungen grunds\u00e4tzlich Sicherheitsl\u00fccken\naufweisen, sodass ein absoluter Schutz nicht gew\u00e4hrleistet werden kann. Aus diesem\nGrund steht es jeder betroffenen Person frei, personenbezogene Daten auch auf\nalternativen Wegen, beispielsweise telefonisch, an uns zu \u00fcbermitteln.1.\nBegriffsbestimmungen<\/p>\n\n\n\n<p>Die Datenschutzerkl\u00e4rung des Feuerwehrverband f\u00fcr den Regionalverband\nSaarbr\u00fccken beruht auf den Begrifflichkeiten, die durch den Europ\u00e4ischen\nRichtlinien- und Verordnungsgeber beim Erlass der Datenschutz-Grundverordnung\n(DS-GVO) verwendet wurden. Unsere Datenschutzerkl\u00e4rung soll sowohl f\u00fcr die\n\u00d6ffentlichkeit als auch f\u00fcr unsere Kunden und Gesch\u00e4ftspartner einfach lesbar\nund verst\u00e4ndlich sein. Um dies zu gew\u00e4hrleisten, m\u00f6chten wir vorab die\nverwendeten Begrifflichkeiten erl\u00e4utern.<\/p>\n\n\n\n<p>Wir verwenden in dieser Datenschutzerkl\u00e4rung unter anderem die folgenden\nBegriffe:<\/p>\n\n\n\n<ul class=\"wp-block-list\"><li>a)&nbsp;&nbsp;&nbsp;\npersonenbezogene Daten: Personenbezogene Daten sind alle Informationen, die\nsich auf eine identifizierte oder identifizierbare nat\u00fcrliche Person (im\nFolgenden \u201ebetroffene Person\u201c) beziehen. Als identifizierbar wird eine\nnat\u00fcrliche Person angesehen, die direkt oder indirekt, insbesondere mittels\nZuordnung zu einer Kennung wie einem Namen, zu einer Kennnummer, zu\nStandortdaten, zu einer Online-Kennung oder zu einem oder mehreren besonderen\nMerkmalen, die Ausdruck der physischen, physiologischen, genetischen,\npsychischen, wirtschaftlichen, kulturellen oder sozialen Identit\u00e4t dieser\nnat\u00fcrlichen Person sind, identifiziert werden kann.<\/li><li>b)&nbsp;&nbsp;&nbsp;\nbetroffene Person betroffene Person ist jede identifizierte oder\nidentifizierbare nat\u00fcrliche Person, deren personenbezogene Daten von dem f\u00fcr\ndie Verarbeitung Verantwortlichen verarbeitet werden.<\/li><li>c)&nbsp;&nbsp;&nbsp;\nVerarbeitung: Verarbeitung ist jeder mit oder ohne Hilfe automatisierter\nVerfahren ausgef\u00fchrte Vorgang oder jede solche Vorgangsreihe im Zusammenhang\nmit personenbezogenen Daten wie das Erheben, das Erfassen, die Organisation,\ndas Ordnen, die Speicherung, die Anpassung oder Ver\u00e4nderung, das Auslesen, das\nAbfragen, die Verwendung, die Offenlegung durch \u00dcbermittlung, Verbreitung oder\neine andere Form der Bereitstellung, den Abgleich oder die Verkn\u00fcpfung, die\nEinschr\u00e4nkung, das L\u00f6schen oder die Vernichtung.<\/li><li>d)&nbsp;&nbsp;&nbsp;\nEinschr\u00e4nkung der Verarbeitung: Einschr\u00e4nkung der Verarbeitung ist die\nMarkierung gespeicherter personenbezogener Daten mit dem Ziel, ihre k\u00fcnftige\nVerarbeitung einzuschr\u00e4nken.<\/li><li>e)&nbsp;&nbsp;&nbsp;\nProfiling: Profiling ist jede Art der automatisierten Verarbeitung\npersonenbezogener Daten, die darin besteht, dass diese personenbezogenen Daten\nverwendet werden, um bestimmte pers\u00f6nliche Aspekte, die sich auf eine\nnat\u00fcrliche Person beziehen, zu bewerten, insbesondere, um Aspekte bez\u00fcglich\nArbeitsleistung, wirtschaftlicher Lage, Gesundheit, pers\u00f6nlicher Vorlieben,\nInteressen, Zuverl\u00e4ssigkeit, Verhalten, Aufenthaltsort oder Ortswechsel dieser\nnat\u00fcrlichen Person zu analysieren oder vorherzusagen.<\/li><li>f)&nbsp;&nbsp;&nbsp;&nbsp;\nPseudonymisierung: Pseudonymisierung ist die Verarbeitung personenbezogener\nDaten in einer Weise, auf welche die personenbezogenen Daten ohne Hinzuziehung\nzus\u00e4tzlicher Informationen nicht mehr einer spezifischen betroffenen Person zugeordnet\nwerden k\u00f6nnen, sofern diese zus\u00e4tzlichen Informationen gesondert aufbewahrt\nwerden und technischen und organisatorischen Ma\u00dfnahmen unterliegen, die\ngew\u00e4hrleisten, dass die personenbezogenen Daten nicht einer identifizierten\noder identifizierbaren nat\u00fcrlichen Person zugewiesen werden.<\/li><li>g)&nbsp;&nbsp;&nbsp;\nVerantwortlicher oder f\u00fcr die Verarbeitung Verantwortlicher: Verantwortlicher\noder f\u00fcr die Verarbeitung Verantwortlicher ist die nat\u00fcrliche oder juristische\nPerson, Beh\u00f6rde, Einrichtung oder andere Stelle, die allein oder gemeinsam mit\nanderen \u00fcber die Zwecke und Mittel der Verarbeitung von personenbezogenen Daten\nentscheidet. Sind die Zwecke und Mittel dieser Verarbeitung durch das\nUnionsrecht oder das Recht der Mitgliedstaaten vorgegeben, so kann der Verantwortliche\nbeziehungsweise k\u00f6nnen die bestimmten Kriterien seiner Benennung nach dem\nUnionsrecht oder dem Recht der Mitgliedstaaten vorgesehen werden.<\/li><li>h)&nbsp;&nbsp;&nbsp;\nAuftragsverarbeiter: Auftragsverarbeiter ist eine nat\u00fcrliche oder juristische\nPerson, Beh\u00f6rde, Einrichtung oder andere Stelle, die personenbezogene Daten im\nAuftrag des Verantwortlichen verarbeitet.<\/li><li>i)&nbsp;&nbsp;&nbsp;&nbsp;&nbsp;\nEmpf\u00e4nger: Empf\u00e4nger ist eine nat\u00fcrliche oder juristische Person, Beh\u00f6rde,\nEinrichtung oder andere Stelle, der personenbezogene Daten offengelegt werden,\nunabh\u00e4ngig davon, ob es sich bei ihr um einen Dritten handelt oder nicht.\nBeh\u00f6rden, die im Rahmen eines bestimmten Untersuchungsauftrags nach dem\nUnionsrecht oder dem Recht der Mitgliedstaaten m\u00f6glicherweise personenbezogene\nDaten erhalten, gelten jedoch nicht als Empf\u00e4nger.<\/li><li>j)&nbsp;&nbsp;&nbsp;&nbsp;&nbsp;\nDritter: Dritter ist eine nat\u00fcrliche oder juristische Person, Beh\u00f6rde,\nEinrichtung oder andere Stelle au\u00dfer der betroffenen Person, dem\nVerantwortlichen, dem Auftragsverarbeiter und den Personen, die unter der\nunmittelbaren Verantwortung des Verantwortlichen oder des Auftragsverarbeiters\nbefugt sind, die personenbezogenen Daten zu verarbeiten.<\/li><li>k)&nbsp;&nbsp;&nbsp;\nEinwilligung: Einwilligung ist jede von der betroffenen Person freiwillig f\u00fcr\nden bestimmten Fall in informierter Weise und unmissverst\u00e4ndlich abgegebene\nWillensbekundung in Form einer Erkl\u00e4rung oder einer sonstigen eindeutigen\nbest\u00e4tigenden Handlung, mit der die betroffene Person zu verstehen gibt, dass\nsie mit der Verarbeitung der sie betreffenden personenbezogenen Daten einverstanden\nist.<\/li><\/ul>\n\n\n\n<p>2. Name und Anschrift des f\u00fcr die Verarbeitung Verantwortlichen<\/p>\n\n\n\n<p>Verantwortlicher im Sinne der Datenschutz-Grundverordnung, sonstiger in den\nMitgliedstaaten der Europ\u00e4ischen Union geltenden Datenschutzgesetze und anderer\nBestimmungen mit datenschutzrechtlichem Charakter ist die:<\/p>\n\n\n\n<p>Feuerwehrverband f\u00fcr den Regionalverband Saarbr\u00fccken e.V<\/p>\n\n\n\n<p>Neustra\u00dfe 7<\/p>\n\n\n\n<p>66125 Saarbr\u00fccken<\/p>\n\n\n\n<p>Deutschland<\/p>\n\n\n\n<p>Tel.: 06897 \/ 972654<\/p>\n\n\n\n<p>E-Mail: info@feuerwehrverband-Saarbruecken.de<\/p>\n\n\n\n<p>Website:\nwww.feuerwehrverband-Saarbruecken.de<\/p>\n\n\n\n<p>Cookies<\/p>\n\n\n\n<p>Die Internetseiten des Feuerwehrverband f\u00fcr den Regionalverband Saarbr\u00fccken\nverwenden Cookies. Cookies sind Textdateien, welche \u00fcber einen Internetbrowser\nauf einem Computersystem abgelegt und gespeichert werden.<\/p>\n\n\n\n<p>Zahlreiche Internetseiten und Server verwenden Cookies. Viele Cookies\nenthalten eine sogenannte Cookie-ID. Eine Cookie-ID ist eine eindeutige Kennung\ndes Cookies. Sie besteht aus einer Zeichenfolge, durch welche Internetseiten\nund Server dem konkreten Internetbrowser zugeordnet werden k\u00f6nnen, in dem das\nCookie gespeichert wurde. Dies erm\u00f6glicht es den besuchten Internetseiten und\nServern, den individuellen Browser der betroffenen Person von anderen\nInternetbrowsern, die andere Cookies enthalten, zu unterscheiden. Ein\nbestimmter Internetbrowser kann \u00fcber die eindeutige Cookie-ID wiedererkannt und\nidentifiziert werden.<\/p>\n\n\n\n<p>Durch den Einsatz von Cookies kann der Feuerwehrverband f\u00fcr den\nRegionalverband Saarbr\u00fccken den Nutzern dieser Internetseite\nnutzerfreundlichere Services bereitstellen, die ohne die Cookie-Setzung nicht\nm\u00f6glich w\u00e4ren.<\/p>\n\n\n\n<p>Mittels eines Cookies k\u00f6nnen die Informationen und Angebote auf unserer\nInternetseite im Sinne des Benutzers optimiert werden. Cookies erm\u00f6glichen uns,\nwie bereits erw\u00e4hnt, die Benutzer unserer Internetseite wiederzuerkennen. Zweck\ndieser Wiedererkennung ist es, den Nutzern die Verwendung unserer Internetseite\nzu erleichtern. Der Benutzer einer Internetseite, die Cookies verwendet, muss\nbeispielsweise nicht bei jedem Besuch der Internetseite erneut seine\nZugangsdaten eingeben, weil dies von der Internetseite und dem auf dem\nComputersystem des Benutzers abgelegten Cookie \u00fcbernommen wird. Ein weiteres\nBeispiel ist das Cookie eines Warenkorbes im Online-Shop. Der Online-Shop merkt\nsich die Artikel, die ein Kunde in den virtuellen Warenkorb gelegt hat, \u00fcber ein\nCookie.<\/p>\n\n\n\n<p>Die betroffene Person kann die Setzung von Cookies durch unsere\nInternetseite jederzeit mittels einer entsprechenden Einstellung des genutzten\nInternetbrowsers verhindern und damit der Setzung von Cookies dauerhaft\nwidersprechen. Ferner k\u00f6nnen bereits gesetzte Cookies jederzeit \u00fcber einen\nInternetbrowser oder andere Softwareprogramme gel\u00f6scht werden. Dies ist in\nallen g\u00e4ngigen Internetbrowsern m\u00f6glich. Deaktiviert die betroffene Person die\nSetzung von Cookies in dem genutzten Internetbrowser, sind unter Umst\u00e4nden\nnicht alle Funktionen unserer Internetseite vollumf\u00e4nglich nutzbar.4. Erfassung\nvon allgemeinen Daten und Informationen<\/p>\n\n\n\n<p>Die Internetseite des Feuerwehrverband f\u00fcr den Regionalverband Saarbr\u00fccken\nerfasst mit jedem Aufruf der Internetseite durch eine betroffene Person oder\nein automatisiertes System eine Reihe von allgemeinen Daten und Informationen.\nDiese allgemeinen Daten und Informationen werden in den Logfiles des Servers\ngespeichert. Erfasst werden k\u00f6nnen die (1) verwendeten Browsertypen und\nVersionen, (2) das vom zugreifenden System verwendete Betriebssystem, (3) die\nInternetseite, von welcher ein zugreifendes System auf unsere Internetseite\ngelangt (sogenannte Referrer), (4) die Unterwebseiten, welche \u00fcber ein\nzugreifendes System auf unserer Internetseite angesteuert werden, (5) das Datum\nund die Uhrzeit eines Zugriffs auf die Internetseite, (6) eine\nInternet-Protokoll-Adresse (IP-Adresse), (7) der Internet-Service-Provider des\nzugreifenden Systems und (8) sonstige \u00e4hnliche Daten und Informationen, die der\nGefahrenabwehr im Falle von Angriffen auf unsere informationstechnologischen\nSysteme dienen.<\/p>\n\n\n\n<p>Bei der Nutzung dieser allgemeinen Daten und Informationen zieht die\nFeuerwehrverband f\u00fcr den Regionlaverband Saarbr\u00fccken keine R\u00fcckschl\u00fcsse auf die\nbetroffene Person. Diese Informationen werden vielmehr ben\u00f6tigt, um (1) die\nInhalte unserer Internetseite korrekt auszuliefern, (2) die Inhalte unserer\nInternetseite sowie die Werbung f\u00fcr diese zu optimieren, (3) die dauerhafte\nFunktionsf\u00e4higkeit unserer informationstechnologischen Systeme und der Technik\nunserer Internetseite zu gew\u00e4hrleisten sowie (4) um Strafverfolgungsbeh\u00f6rden im\nFalle eines Cyberangriffes die zur Strafverfolgung notwendigen Informationen\nbereitzustellen. Diese anonym erhobenen Daten und Informationen werden durch\ndie Feuerwehrverband f\u00fcr den Regionalverband Saarbr\u00fccken daher einerseits\nstatistisch und ferner mit dem Ziel ausgewertet, den Datenschutz und die\nDatensicherheit bei uns zu erh\u00f6hen, um letztlich ein optimales Schutzniveau f\u00fcr\ndie von uns verarbeiteten personenbezogenen Daten sicherzustellen. Die anonymen\nDaten der Server-Logfiles werden getrennt von allen durch eine betroffene\nPerson angegebenen personenbezogenen Daten gespeichert.5. Kontaktm\u00f6glichkeit\n\u00fcber die Internetseite<\/p>\n\n\n\n<p>Die Internetseite des Feuerwehrverband f\u00fcr den Regionalverband Saarbr\u00fccken\nenth\u00e4lt aufgrund von gesetzlichen Vorschriften Angaben, die eine schnelle\nelektronische Kontaktaufnahme zu uns sowie eine unmittelbare Kommunikation mit\nuns erm\u00f6glichen, was ebenfalls eine allgemeine Adresse der sogenannten\nelektronischen Post (E-Mail-Adresse) umfasst. Sofern eine betroffene Person per\nE-Mail oder \u00fcber ein Kontaktformular den Kontakt mit dem f\u00fcr die Verarbeitung\nVerantwortlichen aufnimmt, werden die von der betroffenen Person \u00fcbermittelten\npersonenbezogenen Daten automatisch gespeichert. Solche auf freiwilliger Basis\nvon einer betroffenen Person an den f\u00fcr die Verarbeitung Verantwortlichen\n\u00fcbermittelten personenbezogenen Daten werden f\u00fcr Zwecke der Bearbeitung oder\nder Kontaktaufnahme zur betroffenen Person gespeichert. Es erfolgt keine\nWeitergabe dieser personenbezogenen Daten an Dritte.6. Routinem\u00e4\u00dfige L\u00f6schung\nund Sperrung von personenbezogenen Daten<\/p>\n\n\n\n<p>Der f\u00fcr die Verarbeitung Verantwortliche verarbeitet und speichert\npersonenbezogene Daten der betroffenen Person nur f\u00fcr den Zeitraum, der zur\nErreichung des Speicherungszwecks erforderlich ist oder sofern dies durch den\nEurop\u00e4ischen Richtlinien- und Verordnungsgeber oder einen anderen Gesetzgeber\nin Gesetzen oder Vorschriften, welchen der f\u00fcr die Verarbeitung Verantwortliche\nunterliegt, vorgesehen wurde.<\/p>\n\n\n\n<p>Entf\u00e4llt der Speicherungszweck oder l\u00e4uft eine vom Europ\u00e4ischen\nRichtlinien- und Verordnungsgeber oder einem anderen zust\u00e4ndigen Gesetzgeber\nvorgeschriebene Speicherfrist ab, werden die personenbezogenen Daten\nroutinem\u00e4\u00dfig und entsprechend den gesetzlichen Vorschriften gesperrt oder\ngel\u00f6scht.7. Rechte der betroffenen Person<\/p>\n\n\n\n<ul class=\"wp-block-list\"><li>a)&nbsp;&nbsp;&nbsp;\nRecht auf Best\u00e4tigungJede betroffene Person hat das vom Europ\u00e4ischen\nRichtlinien- und Verordnungsgeber einger\u00e4umte Recht, von dem f\u00fcr die\nVerarbeitung Verantwortlichen eine Best\u00e4tigung dar\u00fcber zu verlangen, ob sie\nbetreffende personenbezogene Daten verarbeitet werden. M\u00f6chte eine betroffene\nPerson dieses Best\u00e4tigungsrecht in Anspruch nehmen, kann sie sich hierzu\njederzeit an unseren Datenschutzbeauftragten oder einen anderen Mitarbeiter des\nf\u00fcr die Verarbeitung Verantwortlichen wenden.<\/li><li>b)&nbsp;&nbsp;&nbsp;\nRecht auf AuskunftJede von der Verarbeitung personenbezogener Daten betroffene\nPerson hat das vom Europ\u00e4ischen Richtlinien- und Verordnungsgeber gew\u00e4hrte\nRecht, jederzeit von dem f\u00fcr die Verarbeitung Verantwortlichen unentgeltliche\nAuskunft \u00fcber die zu seiner Person gespeicherten personenbezogenen Daten und\neine Kopie dieser Auskunft zu erhalten. Ferner hat der Europ\u00e4ische Richtlinien-\nund Verordnungsgeber der betroffenen Person Auskunft \u00fcber folgende\nInformationen zugestanden:<ul><li>die\nVerarbeitungszwecke<\/li><\/ul><ul><li>die Kategorien\npersonenbezogener Daten, die verarbeitet werden<\/li><\/ul><ul><li>die Empf\u00e4nger oder\nKategorien von Empf\u00e4ngern, gegen\u00fcber denen die personenbezogenen Daten\noffengelegt worden sind oder noch offengelegt werden, insbesondere bei\nEmpf\u00e4ngern in Drittl\u00e4ndern oder bei internationalen Organisationen<\/li><\/ul><ul><li>falls m\u00f6glich die\ngeplante Dauer, f\u00fcr die die personenbezogenen Daten gespeichert werden, oder,\nfalls dies nicht m\u00f6glich ist, die Kriterien f\u00fcr die Festlegung dieser Dauer<\/li><\/ul><ul><li>das Bestehen eines\nRechts auf Berichtigung oder L\u00f6schung der sie betreffenden personenbezogenen\nDaten oder auf Einschr\u00e4nkung der Verarbeitung durch den Verantwortlichen oder\neines Widerspruchsrechts gegen diese Verarbeitung<\/li><\/ul><ul><li>das Bestehen eines\nBeschwerderechts bei einer Aufsichtsbeh\u00f6rde<\/li><\/ul><ul><li>wenn die\npersonenbezogenen Daten nicht bei der betroffenen Person erhoben werden: Alle\nverf\u00fcgbaren Informationen \u00fcber die Herkunft der Daten<\/li><\/ul><ul><li>das Bestehen einer automatisierten\nEntscheidungsfindung einschlie\u00dflich Profiling gem\u00e4\u00df Artikel 22 Abs.1 und 4\nDS-GVO und \u2014 zumindest in diesen F\u00e4llen \u2014 aussagekr\u00e4ftige Informationen \u00fcber\ndie involvierte Logik sowie die Tragweite und die angestrebten Auswirkungen\neiner derartigen Verarbeitung f\u00fcr die betroffene PersonFerner steht der\nbetroffenen Person ein Auskunftsrecht dar\u00fcber zu, ob personenbezogene Daten an\nein Drittland oder an eine internationale Organisation \u00fcbermittelt wurden.\nSofern dies der Fall ist, so steht der betroffenen Person im \u00dcbrigen das Recht\nzu, Auskunft \u00fcber die geeigneten Garantien im Zusammenhang mit der \u00dcbermittlung\nzu erhalten.M\u00f6chte eine betroffene Person dieses Auskunftsrecht in Anspruch\nnehmen, kann sie sich hierzu jederzeit an unseren Datenschutzbeauftragten oder\neinen anderen Mitarbeiter des f\u00fcr die Verarbeitung Verantwortlichen wenden.<\/li><\/ul><\/li><li>c)&nbsp;&nbsp;&nbsp;\nRecht auf BerichtigungJede von der Verarbeitung personenbezogener Daten\nbetroffene Person hat das vom Europ\u00e4ischen Richtlinien- und Verordnungsgeber\ngew\u00e4hrte Recht, die unverz\u00fcgliche Berichtigung sie betreffender unrichtiger\npersonenbezogener Daten zu verlangen. Ferner steht der betroffenen Person das\nRecht zu, unter Ber\u00fccksichtigung der Zwecke der Verarbeitung, die\nVervollst\u00e4ndigung unvollst\u00e4ndiger personenbezogener Daten \u2014 auch mittels einer\nerg\u00e4nzenden Erkl\u00e4rung \u2014 zu verlangen.M\u00f6chte eine betroffene Person dieses\nBerichtigungsrecht in Anspruch nehmen, kann sie sich hierzu jederzeit an\nunseren Datenschutzbeauftragten oder einen anderen Mitarbeiter des f\u00fcr die\nVerarbeitung Verantwortlichen wenden.<\/li><li>d)&nbsp;&nbsp;&nbsp;\nRecht auf L\u00f6schung (Recht auf Vergessen werden)Jede von der Verarbeitung\npersonenbezogener Daten betroffene Person hat das vom Europ\u00e4ischen Richtlinien-\nund Verordnungsgeber gew\u00e4hrte Recht, von dem Verantwortlichen zu verlangen,\ndass die sie betreffenden personenbezogenen Daten unverz\u00fcglich gel\u00f6scht werden,\nsofern einer der folgenden Gr\u00fcnde zutrifft und soweit die Verarbeitung nicht\nerforderlich ist:<ul><li>Die personenbezogenen\nDaten wurden f\u00fcr solche Zwecke erhoben oder auf sonstige Weise verarbeitet, f\u00fcr\nwelche sie nicht mehr notwendig sind.<\/li><\/ul><ul><li>Die betroffene Person\nwiderruft ihre Einwilligung, auf die sich die Verarbeitung gem\u00e4\u00df Art. 6 Abs. 1\nBuchstabe a DS-GVO oder Art. 9 Abs. 2 Buchstabe a DS-GVO st\u00fctzte, und es fehlt\nan einer anderweitigen Rechtsgrundlage f\u00fcr die Verarbeitung.<\/li><\/ul><ul><li>Die betroffene Person\nlegt gem\u00e4\u00df Art. 21 Abs. 1 DS-GVO Widerspruch gegen die Verarbeitung ein, und es\nliegen keine vorrangigen berechtigten Gr\u00fcnde f\u00fcr die Verarbeitung vor, oder die\nbetroffene Person legt gem\u00e4\u00df Art. 21 Abs. 2 DS-GVO Widerspruch gegen die\nVerarbeitung ein.<\/li><\/ul><ul><li>Die personenbezogenen\nDaten wurden unrechtm\u00e4\u00dfig verarbeitet.<\/li><\/ul><ul><li>Die L\u00f6schung der\npersonenbezogenen Daten ist zur Erf\u00fcllung einer rechtlichen Verpflichtung nach\ndem Unionsrecht oder dem Recht der Mitgliedstaaten erforderlich, dem der\nVerantwortliche unterliegt.<\/li><\/ul><ul><li>Die personenbezogenen\nDaten wurden in Bezug auf angebotene Dienste der Informationsgesellschaft gem\u00e4\u00df\nArt. 8 Abs. 1 DS-GVO erhoben.Sofern einer der oben genannten Gr\u00fcnde zutrifft\nund eine betroffene Person die L\u00f6schung von personenbezogenen Daten, die bei\ndem Feuerwehrverband f\u00fcr den Regionalverband Saarbr\u00fccken gespeichert sind,\nveranlassen m\u00f6chte, kann sie sich hierzu jederzeit an unseren\nDatenschutzbeauftragten oder einen anderen Mitarbeiter des f\u00fcr die Verarbeitung\nVerantwortlichen wenden. Der Datenschutzbeauftragte dem Feuerwehrverband f\u00fcr\nden Regionalverband Saarbr\u00fccken oder ein anderer Mitarbeiter wird veranlassen,\ndass dem L\u00f6schverlangen unverz\u00fcglich nachgekommen wird.Wurden die\npersonenbezogenen Daten vom Feuerwehrverband f\u00fcr den Regionalverband\nSaarbr\u00fccken \u00f6ffentlich gemacht und ist mit uns als Verantwortlicher gem\u00e4\u00df Art.\n17 Abs. 1 DS-GVO zur L\u00f6schung der personenbezogenen Daten verpflichtet, so\ntrifft dem Feuerwehrverband f\u00fcr den Regionalverband Saarbr\u00fccken unter\nBer\u00fccksichtigung der verf\u00fcgbaren Technologie und der Implementierungskosten\nangemessene Ma\u00dfnahmen, auch technischer Art, um andere f\u00fcr die\nDatenverarbeitung Verantwortliche, welche die ver\u00f6ffentlichten\npersonenbezogenen Daten verarbeiten, dar\u00fcber in Kenntnis zu setzen, dass die\nbetroffene Person von diesen anderen f\u00fcr die Datenverarbeitung Verantwortlichen\ndie L\u00f6schung s\u00e4mtlicher Links zu diesen personenbezogenen Daten oder von Kopien\noder Replikationen dieser personenbezogenen Daten verlangt hat, soweit die\nVerarbeitung nicht erforderlich ist. Der Datenschutzbeauftragte des\nFeuerwehrverband f\u00fcr den Regionalverband Saarbr\u00fccken oder ein anderer\nMitarbeiter wird im Einzelfall das Notwendige veranlassen.<\/li><\/ul><\/li><li>e)&nbsp;&nbsp;&nbsp;\nRecht auf Einschr\u00e4nkung der Verarbeitung. Jede von der Verarbeitung\npersonenbezogener Daten betroffene Person hat das vom Europ\u00e4ischen Richtlinien-\nund Verordnungsgeber gew\u00e4hrte Recht, von dem Verantwortlichen die Einschr\u00e4nkung\nder Verarbeitung zu verlangen, wenn eine der folgenden Voraussetzungen gegeben\nist:<ul><li>Die Richtigkeit der\npersonenbezogenen Daten wird von der betroffenen Person bestritten, und zwar\nf\u00fcr eine Dauer, die es dem Verantwortlichen erm\u00f6glicht, die Richtigkeit der\npersonenbezogenen Daten zu \u00fcberpr\u00fcfen.<\/li><\/ul><ul><li>Die Verarbeitung ist\nunrechtm\u00e4\u00dfig, die betroffene Person lehnt die L\u00f6schung der personenbezogenen\nDaten ab und verlangt stattdessen die Einschr\u00e4nkung der Nutzung der\npersonenbezogenen Daten.<\/li><\/ul><ul><li>Der Verantwortliche\nben\u00f6tigt die personenbezogenen Daten f\u00fcr die Zwecke der Verarbeitung nicht\nl\u00e4nger, die betroffene Person ben\u00f6tigt sie jedoch zur Geltendmachung, Aus\u00fcbung\noder Verteidigung von Rechtsanspr\u00fcchen.<\/li><\/ul><ul><li>Die betroffene Person\nhat Widerspruch gegen die Verarbeitung gem. Art. 21 Abs. 1 DS-GVO eingelegt und\nes steht noch nicht fest, ob die berechtigten Gr\u00fcnde des Verantwortlichen\ngegen\u00fcber denen der betroffenen Person \u00fcberwiegen. Sofern eine der oben\ngenannten Voraussetzungen gegeben ist und eine betroffene Person die\nEinschr\u00e4nkung von personenbezogenen Daten, die bei der Feuerwehrverband f\u00fcr den\nRegionalverband Saarbr\u00fccken gespeichert sind, verlangen m\u00f6chte, kann sie sich\nhierzu jederzeit an unseren Datenschutzbeauftragten oder einen anderen\nMitarbeiter des f\u00fcr die Verarbeitung Verantwortlichen wenden. Der\nDatenschutzbeauftragte Feuerwehrverband f\u00fcr den Regionalverband Saarbr\u00fccken\noder ein anderer Mitarbeiter wird die Einschr\u00e4nkung der Verarbeitung\nveranlassen.<\/li><\/ul><\/li><li>f)&nbsp;&nbsp;&nbsp;&nbsp;\nRecht auf Daten\u00fcbertragbarkeit Jede von der Verarbeitung personenbezogener\nDaten betroffene Person hat das vom Europ\u00e4ischen Richtlinien- und\nVerordnungsgeber gew\u00e4hrte Recht, die sie betreffenden personenbezogenen Daten,\nwelche durch die betroffene Person einem Verantwortlichen bereitgestellt\nwurden, in einem strukturierten, g\u00e4ngigen und maschinenlesbaren Format zu\nerhalten. Sie hat au\u00dferdem das Recht, diese Daten einem anderen\nVerantwortlichen ohne Behinderung durch den Verantwortlichen, dem die\npersonenbezogenen Daten bereitgestellt wurden, zu \u00fcbermitteln, sofern die\nVerarbeitung auf der Einwilligung gem\u00e4\u00df Art. 6 Abs. 1 Buchstabe a DS-GVO oder\nArt. 9 Abs. 2 Buchstabe a DS-GVO oder auf einem Vertrag gem\u00e4\u00df Art. 6 Abs. 1 Buchstabe\nb DS-GVO beruht und die Verarbeitung mithilfe automatisierter Verfahren\nerfolgt, sofern die Verarbeitung nicht f\u00fcr die Wahrnehmung einer Aufgabe\nerforderlich ist, die im \u00f6ffentlichen Interesse liegt oder in Aus\u00fcbung\n\u00f6ffentlicher Gewalt erfolgt, welche dem Verantwortlichen \u00fcbertragen wurde. Ferner\nhat die betroffene Person bei der Aus\u00fcbung ihres Rechts auf\nDaten\u00fcbertragbarkeit gem\u00e4\u00df Art. 20 Abs. 1 DS-GVO das Recht, zu erwirken, dass\ndie personenbezogenen Daten direkt von einem Verantwortlichen an einen anderen\nVerantwortlichen \u00fcbermittelt werden, soweit dies technisch machbar ist und\nsofern hiervon nicht die Rechte und Freiheiten anderer Personen beeintr\u00e4chtigt\nwerden. Zur Geltendmachung des Rechts auf Daten\u00fcbertragbarkeit kann sich die\nbetroffene Person jederzeit an den von dem Feuerwehrverband f\u00fcr den\nRegionalverband Saarbr\u00fccken bestellten Datenschutzbeauftragten oder einen\nanderen Mitarbeiter wenden.<\/li><li>g)&nbsp;&nbsp;&nbsp;\nRecht auf Widerspruch: Jede von der Verarbeitung personenbezogener Daten\nbetroffene Person hat das vom Europ\u00e4ischen Richtlinien- und Verordnungsgeber\ngew\u00e4hrte Recht, aus Gr\u00fcnden, die sich aus ihrer besonderen Situation ergeben,\njederzeit gegen die Verarbeitung sie betreffender personenbezogener Daten, die\naufgrund von Art. 6 Abs. 1 Buchstaben e oder f DS-GVO erfolgt, Widerspruch\neinzulegen. Dies gilt auch f\u00fcr ein auf diese Bestimmungen gest\u00fctztes Profiling.\nDer Feuerwehrverband f\u00fcr den Regionalverband Saarbr\u00fccken verarbeitet die\npersonenbezogenen Daten im Falle des Widerspruchs nicht mehr, es sei denn, wir\nk\u00f6nnen zwingende schutzw\u00fcrdige Gr\u00fcnde f\u00fcr die Verarbeitung nachweisen, die den\nInteressen, Rechten und Freiheiten der betroffenen Person \u00fcberwiegen, oder die\nVerarbeitung dient der Geltendmachung, Aus\u00fcbung oder Verteidigung von\nRechtsanspr\u00fcchen. Verarbeitet der Feuerwehrverband f\u00fcr den Regionalverband\nSaarbr\u00fccken personenbezogene Daten, um Direktwerbung zu betreiben, so hat die\nbetroffene Person das Recht, jederzeit Widerspruch gegen die Verarbeitung der\npersonenbezogenen Daten zum Zwecke derartiger Werbung einzulegen. Dies gilt\nauch f\u00fcr das Profiling, soweit es mit solcher Direktwerbung in Verbindung\nsteht. Widerspricht die betroffene Person gegen\u00fcber dem Feuerwehrverband f\u00fcr\nden Regionalverband Saarbr\u00fccken der Verarbeitung f\u00fcr Zwecke der Direktwerbung,\nso wird der Feuerwehrverband f\u00fcr den Regionalverband Saarbr\u00fccken die\npersonenbezogenen Daten nicht mehr f\u00fcr diese Zwecke verarbeiten. Zudem hat die\nbetroffene Person das Recht, aus Gr\u00fcnden, die sich aus ihrer besonderen\nSituation ergeben, gegen die sie betreffende Verarbeitung personenbezogener\nDaten, die bei dem Feuerwehrverband f\u00fcr den Regionalverband Saarbr\u00fccken zu\nwissenschaftlichen oder historischen Forschungszwecken oder zu statistischen\nZwecken gem\u00e4\u00df Art. 89 Abs. 1 DS-GVO erfolgen, Widerspruch einzulegen, es sei\ndenn, eine solche Verarbeitung ist zur Erf\u00fcllung einer im \u00f6ffentlichen\nInteresse liegenden Aufgabe erforderlich. Zur Aus\u00fcbung des Rechts auf\nWiderspruch kann sich die betroffene Person direkt an den\nDatenschutzbeauftragten des Feuerwehrverband f\u00fcr den Regionalverband\nSaarbr\u00fccken oder einen anderen Mitarbeiter wenden. Der betroffenen Person steht\nes ferner frei, im Zusammenhang mit der Nutzung von Diensten der\nInformationsgesellschaft, ungeachtet der Richtlinie 2002\/58\/EG, ihr\nWiderspruchsrecht mittels automatisierter Verfahren auszu\u00fcben, bei denen\ntechnische Spezifikationen verwendet werden.<\/li><li>h)&nbsp;&nbsp;&nbsp;\nAutomatisierte Entscheidungen im Einzelfall einschlie\u00dflich Profiling. Jede von\nder Verarbeitung personenbezogener Daten betroffene Person hat das vom\nEurop\u00e4ischen Richtlinien- und Verordnungsgeber gew\u00e4hrte Recht, nicht einer\nausschlie\u00dflich auf einer automatisierten Verarbeitung \u2014 einschlie\u00dflich\nProfiling \u2014 beruhenden Entscheidung unterworfen zu werden, die ihr gegen\u00fcber\nrechtliche Wirkung entfaltet oder sie in \u00e4hnlicher Weise erheblich\nbeeintr\u00e4chtigt, sofern die Entscheidung (1) nicht f\u00fcr den Abschluss oder die\nErf\u00fcllung eines Vertrags zwischen der betroffenen Person und dem\nVerantwortlichen erforderlich ist, oder (2) aufgrund von Rechtsvorschriften der\nUnion oder der Mitgliedstaaten, denen der Verantwortliche unterliegt, zul\u00e4ssig\nist und diese Rechtsvorschriften angemessene Ma\u00dfnahmen zur Wahrung der Rechte\nund Freiheiten sowie der berechtigten Interessen der betroffenen Person\nenthalten oder (3) mit ausdr\u00fccklicher Einwilligung der betroffenen Person\nerfolgt. Ist die Entscheidung (1) f\u00fcr den Abschluss oder die Erf\u00fcllung eines\nVertrags zwischen der betroffenen Person und dem Verantwortlichen erforderlich\noder (2) erfolgt sie mit ausdr\u00fccklicher Einwilligung der betroffenen Person,\ntrifft der Feuerwehrverband f\u00fcr den Regionalverband Saarbr\u00fccken angemessene\nMa\u00dfnahmen, um die Rechte und Freiheiten sowie die berechtigten Interessen der\nbetroffenen Person zu wahren, wozu mindestens das Recht auf Erwirkung des Eingreifens\neiner Person seitens des Verantwortlichen, auf Darlegung des eigenen\nStandpunkts und auf Anfechtung der Entscheidung geh\u00f6rt. M\u00f6chte die betroffene\nPerson Rechte mit Bezug auf automatisierte Entscheidungen geltend machen, kann\nsie sich hierzu jederzeit an unseren Datenschutzbeauftragten oder einen anderen\nMitarbeiter des f\u00fcr die Verarbeitung Verantwortlichen wenden.<\/li><li>i)&nbsp;&nbsp;&nbsp;&nbsp;&nbsp;\nRecht auf Widerruf einer datenschutzrechtlichen Einwilligung: Jede von der\nVerarbeitung personenbezogener Daten betroffene Person hat das vom Europ\u00e4ischen\nRichtlinien- und Verordnungsgeber gew\u00e4hrte Recht, eine Einwilligung zur\nVerarbeitung personenbezogener Daten jederzeit zu widerrufen. M\u00f6chte die\nbetroffene Person ihr Recht auf Widerruf einer Einwilligung geltend machen,\nkann sie sich hierzu jederzeit an unseren Datenschutzbeauftragten oder einen\nanderen Mitarbeiter des f\u00fcr die Verarbeitung Verantwortlichen wenden.<\/li><\/ul>\n\n\n\n<p>8. Datenschutzbestimmungen zu Einsatz und Verwendung von Facebook<\/p>\n\n\n\n<p>Der f\u00fcr die Verarbeitung Verantwortliche hat auf dieser Internetseite\nKomponenten des Unternehmens Facebook integriert. Facebook ist ein soziales\nNetzwerk.<\/p>\n\n\n\n<p>Ein soziales Netzwerk ist ein im Internet betriebener sozialer Treffpunkt,\neine Online-Gemeinschaft, die es den Nutzern in der Regel erm\u00f6glicht, untereinander\nzu kommunizieren und im virtuellen Raum zu interagieren. Ein soziales Netzwerk\nkann als Plattform zum Austausch von Meinungen und Erfahrungen dienen oder\nerm\u00f6glicht es der Internetgemeinschaft, pers\u00f6nliche oder unternehmensbezogene\nInformationen bereitzustellen. Facebook erm\u00f6glicht den Nutzern des sozialen\nNetzwerkes unter anderem die Erstellung von privaten Profilen, den Upload von\nFotos und eine Vernetzung \u00fcber Freundschaftsanfragen.<\/p>\n\n\n\n<p>Betreibergesellschaft von Facebook ist die Facebook, Inc., 1 Hacker Way,\nMenlo Park, CA 94025, USA. F\u00fcr die Verarbeitung personenbezogener Daten\nVerantwortlicher ist, wenn eine betroffene Person au\u00dferhalb der USA oder Kanada\nlebt, die Facebook Ireland Ltd., 4 Grand Canal Square, Grand Canal Harbour,\nDublin 2, Ireland.<\/p>\n\n\n\n<p>Durch jeden Aufruf einer der Einzelseiten dieser Internetseite, die durch\nden f\u00fcr die Verarbeitung Verantwortlichen betrieben wird und auf welcher eine\nFacebook-Komponente (Facebook-Plug-In) integriert wurde, wird der\nInternetbrowser auf dem informationstechnologischen System der betroffenen\nPerson automatisch durch die jeweilige Facebook-Komponente veranlasst, eine\nDarstellung der entsprechenden Facebook-Komponente von Facebook\nherunterzuladen. Eine Gesamt\u00fcbersicht \u00fcber alle Facebook-Plug-Ins kann unter https:\/\/developers.facebook.com\/docs\/plugins\/?locale=de_DE\nabgerufen werden. Im Rahmen dieses technischen Verfahrens erh\u00e4lt Facebook\nKenntnis dar\u00fcber, welche konkrete Unterseite unserer Internetseite durch die\nbetroffene Person besucht wird.<\/p>\n\n\n\n<p>Sofern die betroffene Person gleichzeitig bei Facebook eingeloggt ist,\nerkennt Facebook mit jedem Aufruf unserer Internetseite durch die betroffene\nPerson und w\u00e4hrend der gesamten Dauer des jeweiligen Aufenthaltes auf unserer\nInternetseite, welche konkrete Unterseite unserer Internetseite die betroffene\nPerson besucht. Diese Informationen werden durch die Facebook-Komponente\ngesammelt und durch Facebook dem jeweiligen Facebook-Account der betroffenen\nPerson zugeordnet. Bet\u00e4tigt die betroffene Person einen der auf unserer\nInternetseite integrierten Facebook-Buttons, beispielsweise den \u201eGef\u00e4llt\nmir\u201c-Button, oder gibt die betroffene Person einen Kommentar ab, ordnet\nFacebook diese Information dem pers\u00f6nlichen Facebook-Benutzerkonto der\nbetroffenen Person zu und speichert diese personenbezogenen Daten.<\/p>\n\n\n\n<p>Facebook erh\u00e4lt \u00fcber die Facebook-Komponente immer dann eine Information\ndar\u00fcber, dass die betroffene Person unsere Internetseite besucht hat, wenn die\nbetroffene Person zum Zeitpunkt des Aufrufs unserer Internetseite gleichzeitig\nbei Facebook eingeloggt ist; dies findet unabh\u00e4ngig davon statt, ob die\nbetroffene Person die Facebook-Komponente anklickt oder nicht. Ist eine\nderartige \u00dcbermittlung dieser Informationen an Facebook von der betroffenen\nPerson nicht gewollt, kann diese die \u00dcbermittlung dadurch verhindern, dass sie\nsich vor einem Aufruf unserer Internetseite aus ihrem Facebook-Account\nausloggt.<\/p>\n\n\n\n<p>Die von Facebook ver\u00f6ffentlichte Datenrichtlinie, die unter\nhttps:\/\/de-de.facebook.com\/about\/privacy\/ abrufbar ist, gibt Aufschluss \u00fcber\ndie Erhebung, Verarbeitung und Nutzung personenbezogener Daten durch Facebook.\nFerner wird dort erl\u00e4utert, welche Einstellungsm\u00f6glichkeiten Facebook zum\nSchutz der Privatsph\u00e4re der betroffenen Person bietet. Zudem sind unterschiedliche\nApplikationen erh\u00e4ltlich, die es erm\u00f6glichen, eine Daten\u00fcbermittlung an\nFacebook zu unterdr\u00fccken. Solche Applikationen k\u00f6nnen durch die betroffene\nPerson genutzt werden, um eine Daten\u00fcbermittlung an Facebook zu unterdr\u00fccken.9.\nDatenschutzbestimmungen zu Einsatz und Verwendung von Google Analytics (mit\nAnonymisierungsfunktion)<\/p>\n\n\n\n<p>Der f\u00fcr die Verarbeitung Verantwortliche hat auf dieser Internetseite die\nKomponente Google Analytics (mit Anonymisierungsfunktion) integriert. Google\nAnalytics ist ein Web-Analyse-Dienst. Web-Analyse ist die Erhebung, Sammlung\nund Auswertung von Daten \u00fcber das Verhalten von Besuchern von Internetseiten.\nEin Web-Analyse-Dienst erfasst unter anderem Daten dar\u00fcber, von welcher\nInternetseite eine betroffene Person auf eine Internetseite gekommen ist\n(sogenannte Referrer), auf welche Unterseiten der Internetseite zugegriffen\noder wie oft und f\u00fcr welche Verweildauer eine Unterseite betrachtet wurde. Eine\nWeb-Analyse wird \u00fcberwiegend zur Optimierung einer Internetseite und zur\nKosten-Nutzen-Analyse von Internetwerbung eingesetzt.<\/p>\n\n\n\n<p>Betreibergesellschaft der Google-Analytics-Komponente ist die Google Inc.,\n1600 Amphitheatre Pkwy, Mountain View, CA 94043-1351, USA.<\/p>\n\n\n\n<p>Der f\u00fcr die Verarbeitung Verantwortliche verwendet f\u00fcr die Web-Analyse \u00fcber\nGoogle Analytics den Zusatz \u201c_gat._anonymizeIp\u201d. Mittels dieses Zusatzes wird\ndie IP-Adresse des Internetanschlusses der betroffenen Person von Google\ngek\u00fcrzt und anonymisiert, wenn der Zugriff auf unsere Internetseiten aus einem\nMitgliedstaat der Europ\u00e4ischen Union oder aus einem anderen Vertragsstaat des\nAbkommens \u00fcber den Europ\u00e4ischen Wirtschaftsraum erfolgt.<\/p>\n\n\n\n<p>Der Zweck der Google-Analytics-Komponente ist die Analyse der\nBesucherstr\u00f6me auf unserer Internetseite. Google nutzt die gewonnenen Daten und\nInformationen unter anderem dazu, die Nutzung unserer Internetseite\nauszuwerten, um f\u00fcr uns Online-Reports, welche die Aktivit\u00e4ten auf unseren\nInternetseiten aufzeigen, zusammenzustellen, und um weitere mit der Nutzung\nunserer Internetseite in Verbindung stehende Dienstleistungen zu erbringen.<\/p>\n\n\n\n<p>Google Analytics setzt ein Cookie auf dem informationstechnologischen\nSystem der betroffenen Person. Was Cookies sind, wurde oben bereits erl\u00e4utert.\nMit Setzung des Cookies wird Google eine Analyse der Benutzung unserer Internetseite\nerm\u00f6glicht. Durch jeden Aufruf einer der Einzelseiten dieser Internetseite, die\ndurch den f\u00fcr die Verarbeitung Verantwortlichen betrieben wird und auf welcher\neine Google-Analytics-Komponente integriert wurde, wird der Internetbrowser auf\ndem informationstechnologischen System der betroffenen Person automatisch durch\ndie jeweilige Google-Analytics-Komponente veranlasst, Daten zum Zwecke der\nOnline-Analyse an Google zu \u00fcbermitteln. Im Rahmen dieses technischen\nVerfahrens erh\u00e4lt Google Kenntnis \u00fcber personenbezogene Daten, wie der\nIP-Adresse der betroffenen Person, die Google unter anderem dazu dienen, die\nHerkunft der Besucher und Klicks nachzuvollziehen und in der Folge\nProvisionsabrechnungen zu erm\u00f6glichen.<\/p>\n\n\n\n<p>Mittels des Cookies werden personenbezogene Informationen, beispielsweise\ndie Zugriffszeit, der Ort, von welchem ein Zugriff ausging und die H\u00e4ufigkeit\nder Besuche unserer Internetseite durch die betroffene Person, gespeichert. Bei\njedem Besuch unserer Internetseiten werden diese personenbezogenen Daten,\neinschlie\u00dflich der IP-Adresse des von der betroffenen Person genutzten\nInternetanschlusses, an Google in den Vereinigten Staaten von Amerika\n\u00fcbertragen. Diese personenbezogenen Daten werden durch Google in den\nVereinigten Staaten von Amerika gespeichert. Google gibt diese \u00fcber das\ntechnische Verfahren erhobenen personenbezogenen Daten unter Umst\u00e4nden an\nDritte weiter.<\/p>\n\n\n\n<p>Die betroffene Person kann die Setzung von Cookies durch unsere\nInternetseite, wie oben bereits dargestellt, jederzeit mittels einer entsprechenden\nEinstellung des genutzten Internetbrowsers verhindern und damit der Setzung von\nCookies dauerhaft widersprechen. Eine solche Einstellung des genutzten\nInternetbrowsers w\u00fcrde auch verhindern, dass Google ein Cookie auf dem\ninformationstechnologischen System der betroffenen Person setzt. Zudem kann ein\nvon Google Analytics bereits gesetzter Cookie jederzeit \u00fcber den\nInternetbrowser oder andere Softwareprogramme gel\u00f6scht werden.<\/p>\n\n\n\n<p>Ferner besteht f\u00fcr die betroffene Person die M\u00f6glichkeit, einer Erfassung\nder durch Google Analytics erzeugten, auf eine Nutzung dieser Internetseite\nbezogenen Daten sowie der Verarbeitung dieser Daten durch Google zu\nwidersprechen und eine solche zu verhindern. Hierzu muss die betroffene Person\nein Browser-Add-On unter dem Link https:\/\/tools.google.com\/dlpage\/gaoptout\nherunterladen und installieren. Dieses Browser-Add-On teilt Google Analytics\n\u00fcber JavaScript mit, dass keine Daten und Informationen zu den Besuchen von\nInternetseiten an Google Analytics \u00fcbermittelt werden d\u00fcrfen. Die Installation\ndes Browser-Add-Ons wird von Google als Widerspruch gewertet. Wird das\ninformationstechnologische System der betroffenen Person zu einem sp\u00e4teren\nZeitpunkt gel\u00f6scht, formatiert oder neu installiert, muss durch die betroffene\nPerson eine erneute Installation des Browser-Add-Ons erfolgen, um Google\nAnalytics zu deaktivieren. Sofern das Browser-Add-On durch die betroffene\nPerson oder einer anderen Person, die ihrem Machtbereich zuzurechnen ist,\ndeinstalliert oder deaktiviert wird, besteht die M\u00f6glichkeit der\nNeuinstallation oder der erneuten Aktivierung des Browser-Add-Ons.<\/p>\n\n\n\n<p>Weitere Informationen und die geltenden Datenschutzbestimmungen von Google\nk\u00f6nnen unter https:\/\/www.google.de\/intl\/de\/policies\/privacy\/ und unter\nhttp:\/\/www.google.com\/analytics\/terms\/de.html abgerufen werden. Google\nAnalytics wird unter diesem Link https:\/\/www.google.com\/intl\/de_de\/analytics\/\ngenauer erl\u00e4utert.10. Rechtsgrundlage der Verarbeitung<\/p>\n\n\n\n<p>Art. 6 I lit. a DS-GVO dient uns als Rechtsgrundlage f\u00fcr Verarbeitungsvorg\u00e4nge,\nbei denen wir eine Einwilligung f\u00fcr einen bestimmten Verarbeitungszweck\neinholen. Ist die Verarbeitung personenbezogener Daten zur Erf\u00fcllung eines\nVertrags, dessen Vertragspartei die betroffene Person ist, erforderlich, wie\ndies beispielsweise bei Verarbeitungsvorg\u00e4ngen der Fall ist, die f\u00fcr eine\nLieferung von Waren oder die Erbringung einer sonstigen Leistung oder\nGegenleistung notwendig sind, so beruht die Verarbeitung auf Art. 6 I lit. b\nDS-GVO. Gleiches gilt f\u00fcr solche Verarbeitungsvorg\u00e4nge die zur Durchf\u00fchrung\nvorvertraglicher Ma\u00dfnahmen erforderlich sind, etwa in F\u00e4llen von Anfragen zur\nunseren Produkten oder Leistungen. Unterliegt uns einer rechtlichen\nVerpflichtung durch welche eine Verarbeitung von personenbezogenen Daten\nerforderlich wird, wie beispielsweise zur Erf\u00fcllung steuerlicher Pflichten, so\nbasiert die Verarbeitung auf Art. 6 I lit. c DS-GVO. In seltenen F\u00e4llen k\u00f6nnte\ndie Verarbeitung von personenbezogenen Daten erforderlich werden, um\nlebenswichtige Interessen der betroffenen Person oder einer anderen nat\u00fcrlichen\nPerson zu sch\u00fctzen. Dies w\u00e4re beispielsweise der Fall, wenn ein Besucher in\nunserem Betrieb verletzt werden w\u00fcrde und daraufhin sein Name, sein Alter,\nseine Krankenkassendaten oder sonstige lebenswichtige Informationen an einen\nArzt, ein Krankenhaus oder sonstige Dritte weitergegeben werden m\u00fcssten. Dann\nw\u00fcrde die Verarbeitung auf Art. 6 I lit. d DS-GVO beruhen. Letztlich k\u00f6nnten\nVerarbeitungsvorg\u00e4nge auf Art. 6 I lit. f DS-GVO beruhen. Auf dieser\nRechtsgrundlage basieren Verarbeitungsvorg\u00e4nge, die von keiner der vorgenannten\nRechtsgrundlagen erfasst werden, wenn die Verarbeitung zur Wahrung eines\nberechtigten Interesses von uns oder eines Dritten erforderlich ist, sofern die\nInteressen, Grundrechte und Grundfreiheiten des Betroffenen nicht \u00fcberwiegen.\nSolche Verarbeitungsvorg\u00e4nge sind uns insbesondere deshalb gestattet, weil sie\ndurch den Europ\u00e4ischen Gesetzgeber besonders erw\u00e4hnt wurden. Er vertrat\ninsoweit die Auffassung, dass ein berechtigtes Interesse anzunehmen sein k\u00f6nnte,\nwenn die betroffene Person ein Kunde des Verantwortlichen ist (Erw\u00e4gungsgrund\n47 Satz 2 DS-GVO).11. Berechtigte Interessen an der Verarbeitung, die von dem\nVerantwortlichen oder einem Dritten verfolgt werden<\/p>\n\n\n\n<p>Basiert die Verarbeitung personenbezogener Daten auf Artikel 6 I lit. f\nDS-GVO ist unser berechtigtes Interesse die Durchf\u00fchrung unserer\nGesch\u00e4ftst\u00e4tigkeit zugunsten des Wohlergehens all unserer Mitarbeiter und\nunserer Anteilseigner.12. Dauer, f\u00fcr die die personenbezogenen Daten\ngespeichert werden<\/p>\n\n\n\n<p>Das Kriterium f\u00fcr die Dauer der Speicherung von personenbezogenen Daten ist\ndie jeweilige gesetzliche Aufbewahrungsfrist. Nach Ablauf der Frist werden die\nentsprechenden Daten routinem\u00e4\u00dfig gel\u00f6scht, sofern sie nicht mehr zur\nVertragserf\u00fcllung oder Vertragsanbahnung erforderlich sind.13. Gesetzliche oder\nvertragliche Vorschriften zur Bereitstellung der personenbezogenen Daten;\nErforderlichkeit f\u00fcr den Vertragsabschluss; Verpflichtung der betroffenen\nPerson, die personenbezogenen Daten bereitzustellen; m\u00f6gliche Folgen der\nNichtbereitstellung<\/p>\n\n\n\n<p>Wir kl\u00e4ren Sie dar\u00fcber auf, dass die Bereitstellung personenbezogener Daten\nzum Teil gesetzlich vorgeschrieben ist (z.B. Steuervorschriften) oder sich auch\naus vertraglichen Regelungen (z.B. Angaben zum Vertragspartner) ergeben kann.\nMitunter kann es zu einem Vertragsschluss erforderlich sein, dass eine\nbetroffene Person uns personenbezogene Daten zur Verf\u00fcgung stellt, die in der\nFolge durch uns verarbeitet werden m\u00fcssen. Die betroffene Person ist\nbeispielsweise verpflichtet uns personenbezogene Daten bereitzustellen, wenn\nwir mit ihr einen Vertrag abschlie\u00dft. Eine Nichtbereitstellung der\npersonenbezogenen Daten h\u00e4tte zur Folge, dass der Vertrag mit dem Betroffenen\nnicht geschlossen werden k\u00f6nnte. Vor einer Bereitstellung personenbezogener\nDaten durch den Betroffenen muss sich der Betroffene an unseren\nDatenschutzbeauftragten wenden. Unser Datenschutzbeauftragter kl\u00e4rt den\nBetroffenen einzelfallbezogen dar\u00fcber auf, ob die Bereitstellung der\npersonenbezogenen Daten gesetzlich oder vertraglich vorgeschrieben oder f\u00fcr den\nVertragsabschluss erforderlich ist, ob eine Verpflichtung besteht, die\npersonenbezogenen Daten bereitzustellen, und welche Folgen die\nNichtbereitstellung der personenbezogenen Daten h\u00e4tte.14. Bestehen einer automatisierten\nEntscheidungsfindung<\/p>\n\n\n\n<p>Als verantwortungsbewusster Betreiber verzichten wir auf eine automatische\nEntscheidungsfindung oder ein Profiling.<\/p>\n\n\n\n<p>Diese Datenschutzerkl\u00e4rung wurde durch\nden Datenschutzerkl\u00e4rungs-Generator der DGD Deutsche Gesellschaft f\u00fcr Datenschutz\nGmbH, die als&nbsp;<a href=\"https:\/\/dg-datenschutz.de\/datenschutz-dienstleistungen\/externer-datenschutzbeauftragter\/\" target=\"_blank\" rel=\"noreferrer noopener\">Externer Datenschutzbeauftragter Regensburg<\/a>&nbsp;t\u00e4tig ist, in\nKooperation mit dem&nbsp;<a href=\"https:\/\/www.wbs-law.de\/it-recht\/datenschutzrecht\/\" target=\"_blank\" rel=\"noreferrer noopener\">K\u00f6lner IT- und\nDatenschutz Anwalt Christian Solmecke<\/a>&nbsp;erstellt.<\/p>\n","protected":false},"excerpt":{"rendered":"<p>DATENSCHUTZ Datenschutzerkl\u00e4rung Wir freuen uns sehr \u00fcber Ihr Interesse. Datenschutz hat einen besonders hohen Stellenwert f\u00fcr den Feuerwehrverband f\u00fcr den Regionalverband Saarbr\u00fccken. Eine Nutzung der Internetseiten des Feuerwehrverbands f\u00fcr den Regionalverband Saarbr\u00fccken ist grunds\u00e4tzlich ohne jede Angabe personenbezogener Daten m\u00f6glich. Sofern eine betroffene Person besondere Services unseres&nbsp; \u00fcber unsere Internetseite in Anspruch nehmen m\u00f6chte, k\u00f6nnte [&hellip;]<\/p>\n","protected":false},"author":2,"featured_media":0,"comment_status":"open","ping_status":"closed","sticky":false,"template":"","format":"standard","meta":{"_bbp_topic_count":0,"_bbp_reply_count":0,"_bbp_total_topic_count":0,"_bbp_total_reply_count":0,"_bbp_voice_count":0,"_bbp_anonymous_reply_count":0,"_bbp_topic_count_hidden":0,"_bbp_reply_count_hidden":0,"_bbp_forum_subforum_count":0,"footnotes":""},"categories":[47],"tags":[],"class_list":["post-2614","post","type-post","status-publish","format-standard","hentry","category-datenschutzerklaerung"],"_links":{"self":[{"href":"https:\/\/www.feuerwehrverband-saarbruecken.de\/index.php?rest_route=\/wp\/v2\/posts\/2614","targetHints":{"allow":["GET"]}}],"collection":[{"href":"https:\/\/www.feuerwehrverband-saarbruecken.de\/index.php?rest_route=\/wp\/v2\/posts"}],"about":[{"href":"https:\/\/www.feuerwehrverband-saarbruecken.de\/index.php?rest_route=\/wp\/v2\/types\/post"}],"author":[{"embeddable":true,"href":"https:\/\/www.feuerwehrverband-saarbruecken.de\/index.php?rest_route=\/wp\/v2\/users\/2"}],"replies":[{"embeddable":true,"href":"https:\/\/www.feuerwehrverband-saarbruecken.de\/index.php?rest_route=%2Fwp%2Fv2%2Fcomments&post=2614"}],"version-history":[{"count":13,"href":"https:\/\/www.feuerwehrverband-saarbruecken.de\/index.php?rest_route=\/wp\/v2\/posts\/2614\/revisions"}],"predecessor-version":[{"id":4017,"href":"https:\/\/www.feuerwehrverband-saarbruecken.de\/index.php?rest_route=\/wp\/v2\/posts\/2614\/revisions\/4017"}],"wp:attachment":[{"href":"https:\/\/www.feuerwehrverband-saarbruecken.de\/index.php?rest_route=%2Fwp%2Fv2%2Fmedia&parent=2614"}],"wp:term":[{"taxonomy":"category","embeddable":true,"href":"https:\/\/www.feuerwehrverband-saarbruecken.de\/index.php?rest_route=%2Fwp%2Fv2%2Fcategories&post=2614"},{"taxonomy":"post_tag","embeddable":true,"href":"https:\/\/www.feuerwehrverband-saarbruecken.de\/index.php?rest_route=%2Fwp%2Fv2%2Ftags&post=2614"}],"curies":[{"name":"wp","href":"https:\/\/api.w.org\/{rel}","templated":true}]}}